{"id":2128,"date":"2020-01-09T14:06:46","date_gmt":"2020-01-09T13:06:46","guid":{"rendered":"https:\/\/sites.ffkarate.fr\/ain\/?post_type=news&amp;p=2128"},"modified":"2020-01-09T14:06:46","modified_gmt":"2020-01-09T13:06:46","slug":"liste-competiteurs-qualifies-kumite-kata-secteur-zid-lyonnais","status":"publish","type":"post","link":"https:\/\/sites.ffkarate.fr\/ain\/2020\/01\/09\/liste-competiteurs-qualifies-kumite-kata-secteur-zid-lyonnais\/","title":{"rendered":"Listes de comp\u00e9titeurs qualifi\u00e9s en kata et en kumite"},"content":{"rendered":"<div class=\"wpb-content-wrapper\"><p>[vc_row][vc_column][vc_column_text]<\/p>\n<h2><strong>Listes de comp\u00e9titeurs qualifi\u00e9s en kata et en kumite<\/strong><\/h2>\n<p><strong>Listes de comp\u00e9titeurs qualifi\u00e9s en kata et en kumite pour les prochaines coupes et championnats qui se d\u00e9rouleront prochainement sur le secteur ZID du Lyonnais.<\/strong><\/p>\n<h2>T\u00e9l\u00e9chargements<\/h2>\n<p><a href=\"https:\/\/sites.ffkarate.fr\/ain\/wp-content\/uploads\/sites\/17\/2018\/04\/pdf.gif\"><img decoding=\"async\" class=\"alignnone size-full wp-image-1349\" src=\"https:\/\/sites.ffkarate.fr\/ain\/wp-content\/uploads\/sites\/17\/2018\/04\/pdf.gif\" alt=\"pdf\" width=\"16\" height=\"16\" \/><\/a>\u00a0<a href=\"https:\/\/sites.ffkarate.fr\/ain\/wp-content\/uploads\/sites\/17\/2020\/01\/championnat-kumite-presents-2019-2020.pdf\" target=\"_blank\" rel=\"noopener\">Championnat kumite pr\u00e9sents 2019-2020<\/a><\/p>\n<p><a href=\"https:\/\/sites.ffkarate.fr\/ain\/wp-content\/uploads\/sites\/17\/2018\/04\/pdf.gif\"><img decoding=\"async\" class=\"alignnone size-full wp-image-1349\" src=\"https:\/\/sites.ffkarate.fr\/ain\/wp-content\/uploads\/sites\/17\/2018\/04\/pdf.gif\" alt=\"pdf\" width=\"16\" height=\"16\" \/><\/a>\u00a0<a href=\"https:\/\/sites.ffkarate.fr\/ain\/wp-content\/uploads\/sites\/17\/2020\/01\/championnats-kata-presents-2019-2020.pdf\" target=\"_blank\" rel=\"noopener\">Championnats kata pr\u00e9sents 2019-2020<\/a><\/p>\n<p><a href=\"https:\/\/sites.ffkarate.fr\/ain\/wp-content\/uploads\/sites\/17\/2018\/04\/pdf.gif\"><img decoding=\"async\" class=\"alignnone size-full wp-image-1349\" src=\"https:\/\/sites.ffkarate.fr\/ain\/wp-content\/uploads\/sites\/17\/2018\/04\/pdf.gif\" alt=\"pdf\" width=\"16\" height=\"16\" \/><\/a>\u00a0<a href=\"https:\/\/sites.ffkarate.fr\/ain\/wp-content\/uploads\/sites\/17\/2020\/01\/coupe-kumite-present-2019-2020.pdf\" target=\"_blank\" rel=\"noopener\">Coupe kumite pr\u00e9sent 2019-2020<\/a><\/p>\n<p><a href=\"https:\/\/sites.ffkarate.fr\/ain\/wp-content\/uploads\/sites\/17\/2018\/04\/pdf.gif\"><img decoding=\"async\" class=\"alignnone size-full wp-image-1349\" src=\"https:\/\/sites.ffkarate.fr\/ain\/wp-content\/uploads\/sites\/17\/2018\/04\/pdf.gif\" alt=\"pdf\" width=\"16\" height=\"16\" \/><\/a>\u00a0<a href=\"https:\/\/sites.ffkarate.fr\/ain\/wp-content\/uploads\/sites\/17\/2020\/01\/coupe-kata-presents-2019-2020.pdf\" target=\"_blank\" rel=\"noopener\">Coupe kata pr\u00e9sents 2019-2020<\/a>[\/vc_column_text][\/vc_column][\/vc_row]<\/p>\n<\/div>","protected":false},"excerpt":{"rendered":"<p>[vc_row][vc_column][vc_column_text] Listes de comp\u00e9titeurs qualifi\u00e9s en kata et en kumite Listes de comp\u00e9titeurs qualifi\u00e9s en kata et en kumite pour les prochaines coupes et championnats qui se d\u00e9rouleront prochainement sur le secteur ZID du Lyonnais. T\u00e9l\u00e9chargements \u00a0Championnat kumite pr\u00e9sents 2019-2020 \u00a0Championnats kata pr\u00e9sents 2019-2020 \u00a0Coupe kumite pr\u00e9sent 2019-2020 \u00a0Coupe kata pr\u00e9sents 2019-2020[\/vc_column_text][\/vc_column][\/vc_row]<\/p>\n","protected":false},"author":108,"featured_media":0,"comment_status":"closed","ping_status":"closed","sticky":false,"template":"","format":"standard","meta":{"footnotes":""},"categories":[1],"tags":[],"class_list":["post-2128","post","type-post","status-publish","format-standard","hentry","category-non-classe"],"_links":{"self":[{"href":"https:\/\/sites.ffkarate.fr\/ain\/wp-json\/wp\/v2\/posts\/2128","targetHints":{"allow":["GET"]}}],"collection":[{"href":"https:\/\/sites.ffkarate.fr\/ain\/wp-json\/wp\/v2\/posts"}],"about":[{"href":"https:\/\/sites.ffkarate.fr\/ain\/wp-json\/wp\/v2\/types\/post"}],"author":[{"embeddable":true,"href":"https:\/\/sites.ffkarate.fr\/ain\/wp-json\/wp\/v2\/users\/108"}],"replies":[{"embeddable":true,"href":"https:\/\/sites.ffkarate.fr\/ain\/wp-json\/wp\/v2\/comments?post=2128"}],"version-history":[{"count":0,"href":"https:\/\/sites.ffkarate.fr\/ain\/wp-json\/wp\/v2\/posts\/2128\/revisions"}],"wp:attachment":[{"href":"https:\/\/sites.ffkarate.fr\/ain\/wp-json\/wp\/v2\/media?parent=2128"}],"wp:term":[{"taxonomy":"category","embeddable":true,"href":"https:\/\/sites.ffkarate.fr\/ain\/wp-json\/wp\/v2\/categories?post=2128"},{"taxonomy":"post_tag","embeddable":true,"href":"https:\/\/sites.ffkarate.fr\/ain\/wp-json\/wp\/v2\/tags?post=2128"}],"curies":[{"name":"wp","href":"https:\/\/api.w.org\/{rel}","templated":true}]}}