{"id":1467,"date":"2025-07-12T18:13:13","date_gmt":"2025-07-12T16:13:13","guid":{"rendered":"https:\/\/sites.ffkarate.fr\/allier\/?p=1467"},"modified":"2025-07-12T18:13:20","modified_gmt":"2025-07-12T16:13:20","slug":"felicitations-a-pierre-bouvet","status":"publish","type":"post","link":"https:\/\/sites.ffkarate.fr\/allier\/2025\/07\/12\/felicitations-a-pierre-bouvet\/","title":{"rendered":"F\u00e9licitations \u00e0 Pierre Bouvet"},"content":{"rendered":"<div class=\"wpb-content-wrapper\"><p>[vc_row][vc_column][vc_column_text]Le Comit\u00e9 D\u00e9partemental de Karat\u00e9 de l&rsquo;Allier adresse ses plus vives f\u00e9licitations \u00e0 <strong>Monsieur Pierre Bouvet<\/strong>, arbitre karat\u00e9 contact, qui vient de d\u00e9crocher son 5\u00e8me dan lors du passage de grades de ligue organis\u00e9 \u00e0 Voiron.[\/vc_column_text][\/vc_column][\/vc_row]<\/p>\n<\/div>","protected":false},"excerpt":{"rendered":"<p>[vc_row][vc_column][vc_column_text]Le Comit\u00e9 D\u00e9partemental de Karat\u00e9 de l&rsquo;Allier adresse ses plus vives f\u00e9licitations \u00e0 Monsieur Pierre Bouvet, arbitre karat\u00e9 contact, qui vient de d\u00e9crocher son 5\u00e8me dan lors du passage de grades de ligue organis\u00e9 \u00e0 Voiron.[\/vc_column_text][\/vc_column][\/vc_row]<\/p>\n","protected":false},"author":156,"featured_media":0,"comment_status":"open","ping_status":"open","sticky":false,"template":"","format":"standard","meta":{"footnotes":""},"categories":[1],"tags":[],"class_list":["post-1467","post","type-post","status-publish","format-standard","hentry","category-non-classe"],"_links":{"self":[{"href":"https:\/\/sites.ffkarate.fr\/allier\/wp-json\/wp\/v2\/posts\/1467","targetHints":{"allow":["GET"]}}],"collection":[{"href":"https:\/\/sites.ffkarate.fr\/allier\/wp-json\/wp\/v2\/posts"}],"about":[{"href":"https:\/\/sites.ffkarate.fr\/allier\/wp-json\/wp\/v2\/types\/post"}],"author":[{"embeddable":true,"href":"https:\/\/sites.ffkarate.fr\/allier\/wp-json\/wp\/v2\/users\/156"}],"replies":[{"embeddable":true,"href":"https:\/\/sites.ffkarate.fr\/allier\/wp-json\/wp\/v2\/comments?post=1467"}],"version-history":[{"count":3,"href":"https:\/\/sites.ffkarate.fr\/allier\/wp-json\/wp\/v2\/posts\/1467\/revisions"}],"predecessor-version":[{"id":1470,"href":"https:\/\/sites.ffkarate.fr\/allier\/wp-json\/wp\/v2\/posts\/1467\/revisions\/1470"}],"wp:attachment":[{"href":"https:\/\/sites.ffkarate.fr\/allier\/wp-json\/wp\/v2\/media?parent=1467"}],"wp:term":[{"taxonomy":"category","embeddable":true,"href":"https:\/\/sites.ffkarate.fr\/allier\/wp-json\/wp\/v2\/categories?post=1467"},{"taxonomy":"post_tag","embeddable":true,"href":"https:\/\/sites.ffkarate.fr\/allier\/wp-json\/wp\/v2\/tags?post=1467"}],"curies":[{"name":"wp","href":"https:\/\/api.w.org\/{rel}","templated":true}]}}