{"id":2378,"date":"2022-02-01T09:26:45","date_gmt":"2022-02-01T08:26:45","guid":{"rendered":"https:\/\/sites.ffkarate.fr\/alpesmaritimes\/?p=2378"},"modified":"2022-02-08T23:17:22","modified_gmt":"2022-02-08T22:17:22","slug":"stage-experts-departementaux","status":"publish","type":"post","link":"https:\/\/sites.ffkarate.fr\/alpesmaritimes\/2022\/02\/01\/stage-experts-departementaux\/","title":{"rendered":"Stage Experts d\u00e9partementaux"},"content":{"rendered":"<div class=\"wpb-content-wrapper\"><p>[vc_row][vc_column][vc_column_text]Le CD06KDA \u00e0 le plaisir de vous annoncer le premier Stage d\u2019experts d\u00e9partementaux, de Karat\u00e9 et des disciplines associ\u00e9es, qui aura lieu<br \/>\n<strong>Dimanche 13 F\u00e9vrier 2022, \u00e0 la salle Olympie, \u00e0 Mandelieu.<\/strong><\/p>\n<blockquote><p>Seront pr\u00e9sents lors de cette rencontre multi-disciplines :<br \/>\nEric Benhamou, Richard Bouchet, Patrick Dupeux, Alain Ferry, Jos\u00e9 Galluccio, Euloge Konan, Nathalie Leroy, Francois Manieri, Eric Martin,<br \/>\nClaude Pouget, Michel Ricatti, Jeannot Ranarivony, Gilles Richard, Yuichi Sato, Fran\u00e7ois Trimarchi et Somsay Vilay.<\/p><\/blockquote>\n<p><em><strong>Programme pr\u00e9visionnel :<\/strong><\/em><br \/>\n9h-9h30 : Accueil des experts et stagiaires \/ Contr\u00f4le des pass<br \/>\n(Pass vaccinal pour les + 18 ans, pass sanitaire pour les 12\/18ans)<\/p>\n<p>9h45 : mise en place du premier atelier par tirage au sort.<\/p>\n<p>Interventions chronom\u00e9tr\u00e9es<\/p>\n<p>13h : fin de stage<\/p>\n<p>13h30 : repas entre experts.[\/vc_column_text][\/vc_column][\/vc_row]<\/p>\n<\/div>","protected":false},"excerpt":{"rendered":"<p>Rencontre multi-disciplines des experts d\u00e9partementaux : Krav Maga, Karat\u00e9, Kenpo, Shidokan, Shindokai, Karat\u00e9 contact, Arts Martiaux vietnamiens, etc &#8230; Dimanche 13 F\u00e9vrier 2022, \u00e0 Mandelieu. <\/p>\n","protected":false},"author":133,"featured_media":2384,"comment_status":"closed","ping_status":"closed","sticky":false,"template":"","format":"standard","meta":{"footnotes":""},"categories":[19,55],"tags":[],"class_list":["post-2378","post","type-post","status-publish","format-standard","hentry","category-stages","category-technique"],"_links":{"self":[{"href":"https:\/\/sites.ffkarate.fr\/alpesmaritimes\/wp-json\/wp\/v2\/posts\/2378","targetHints":{"allow":["GET"]}}],"collection":[{"href":"https:\/\/sites.ffkarate.fr\/alpesmaritimes\/wp-json\/wp\/v2\/posts"}],"about":[{"href":"https:\/\/sites.ffkarate.fr\/alpesmaritimes\/wp-json\/wp\/v2\/types\/post"}],"author":[{"embeddable":true,"href":"https:\/\/sites.ffkarate.fr\/alpesmaritimes\/wp-json\/wp\/v2\/users\/133"}],"replies":[{"embeddable":true,"href":"https:\/\/sites.ffkarate.fr\/alpesmaritimes\/wp-json\/wp\/v2\/comments?post=2378"}],"version-history":[{"count":4,"href":"https:\/\/sites.ffkarate.fr\/alpesmaritimes\/wp-json\/wp\/v2\/posts\/2378\/revisions"}],"predecessor-version":[{"id":2383,"href":"https:\/\/sites.ffkarate.fr\/alpesmaritimes\/wp-json\/wp\/v2\/posts\/2378\/revisions\/2383"}],"wp:featuredmedia":[{"embeddable":true,"href":"https:\/\/sites.ffkarate.fr\/alpesmaritimes\/wp-json\/wp\/v2\/media\/2384"}],"wp:attachment":[{"href":"https:\/\/sites.ffkarate.fr\/alpesmaritimes\/wp-json\/wp\/v2\/media?parent=2378"}],"wp:term":[{"taxonomy":"category","embeddable":true,"href":"https:\/\/sites.ffkarate.fr\/alpesmaritimes\/wp-json\/wp\/v2\/categories?post=2378"},{"taxonomy":"post_tag","embeddable":true,"href":"https:\/\/sites.ffkarate.fr\/alpesmaritimes\/wp-json\/wp\/v2\/tags?post=2378"}],"curies":[{"name":"wp","href":"https:\/\/api.w.org\/{rel}","templated":true}]}}