{"id":1523,"date":"2020-09-18T11:39:54","date_gmt":"2020-09-18T09:39:54","guid":{"rendered":"https:\/\/sites.ffkarate.fr\/ardennes\/?post_type=news&amp;p=1523"},"modified":"2020-09-18T11:39:54","modified_gmt":"2020-09-18T09:39:54","slug":"grades-appel-a-candidature-jury-des-grades-et-examen-des-grades","status":"publish","type":"post","link":"https:\/\/sites.ffkarate.fr\/ardennes\/2020\/09\/18\/grades-appel-a-candidature-jury-des-grades-et-examen-des-grades\/","title":{"rendered":"GRADES : appel \u00e0 candidature jury des grades et examen des grades"},"content":{"rendered":"<div class=\"wpb-content-wrapper\"><p>[vc_row][vc_column][vc_column_text]&nbsp;<\/p>\n<h2>Devenez Jury d&rsquo;examen de grade 1er et 2\u00e8me Dan-saison 2020-2021<\/h2>\n<p>Vous souhaitez devenir jury des grades pour les examens dans votre d\u00e9partement ?<\/p>\n<p>Le stage de formation des jurys se d\u00e9roulera le samedi\u00a0<strong>12 d\u00e9cembre 2020 \u00e0 Bazeilles<\/strong>\u00a0(en tenue officielle) de 8h00 \u00e0 9h00\u00a0<a href=\"https:\/\/sites.ffkarate.fr\/ardennes\/wp-content\/uploads\/sites\/116\/2020\/09\/CODG-Appel-\u00e0-candidatures-20-21.pdf\" target=\"_blank\" rel=\"noopener\">Appel \u00e0 candidature<\/a><\/p>\n<p>&nbsp;<\/p>\n<h2>Dates des examens 2020 -2021 :<\/h2>\n<p>&#8211;\u00a0<strong>Samedi 12 d\u00e9cembre 2020 \u00e0 Bazeilles<\/strong>\u00a0&#8211; 1er et 2\u00e8me Dan<\/p>\n<p><span style=\"color: #0000ff\">Formulaire d&rsquo;inscription (\u00e0 venir)<\/span>\u00a0<a href=\"https:\/\/sites.ffkarate.fr\/ardennes\/wp-content\/uploads\/sites\/23\/2017\/11\/logo-attention.jpg\"><img decoding=\"async\" class=\"alignnone  wp-image-248\" src=\"https:\/\/sites.ffkarate.fr\/ardennes\/wp-content\/uploads\/sites\/23\/2017\/11\/logo-attention-300x212.jpg\" alt=\"logo-attention\" width=\"18\" height=\"13\" \/><\/a><span style=\"color: #808080\"><em>cl\u00f4ture des inscriptions le\u00a011 novembre 2020<\/em><\/span><\/p>\n<p>&#8211;\u00a0<strong>Samedi\u00a0<\/strong><strong>19 juin 2021<\/strong>\u00a0&#8211; 1er et 2\u00e8me Dan<\/p>\n<p><span style=\"color: #0000ff\">Formulaire d&rsquo;inscription (\u00e0 venir)\u00a0<\/span>\u00a0<a href=\"https:\/\/sites.ffkarate.fr\/ardennes\/wp-content\/uploads\/sites\/23\/2017\/11\/logo-attention.jpg\"><img decoding=\"async\" class=\"alignnone  wp-image-248\" src=\"https:\/\/sites.ffkarate.fr\/ardennes\/wp-content\/uploads\/sites\/23\/2017\/11\/logo-attention-300x212.jpg\" alt=\"logo-attention\" width=\"18\" height=\"13\" \/><\/a><span style=\"color: #808080\"><em>cl\u00f4ture des inscriptions le 18 mai 2021<\/em><\/span><\/p>\n<h2><\/h2>\n<p>[\/vc_column_text][\/vc_column][\/vc_row]<\/p>\n<\/div>","protected":false},"excerpt":{"rendered":"<p>[vc_row][vc_column][vc_column_text]&nbsp; Devenez Jury d&rsquo;examen de grade 1er et 2\u00e8me Dan-saison 2020-2021 Vous souhaitez devenir jury des grades pour les examens dans votre d\u00e9partement ? Le stage de formation des jurys se d\u00e9roulera le samedi\u00a012 d\u00e9cembre 2020 \u00e0 Bazeilles\u00a0(en tenue officielle) de 8h00 \u00e0 9h00\u00a0Appel \u00e0 candidature &nbsp; Dates des examens 2020 -2021 : &#8211;\u00a0Samedi 12 [&hellip;]<\/p>\n","protected":false},"author":73,"featured_media":1524,"comment_status":"closed","ping_status":"closed","sticky":false,"template":"","format":"standard","meta":{"footnotes":""},"categories":[1],"tags":[],"class_list":["post-1523","post","type-post","status-publish","format-standard","hentry","category-non-classe"],"_links":{"self":[{"href":"https:\/\/sites.ffkarate.fr\/ardennes\/wp-json\/wp\/v2\/posts\/1523","targetHints":{"allow":["GET"]}}],"collection":[{"href":"https:\/\/sites.ffkarate.fr\/ardennes\/wp-json\/wp\/v2\/posts"}],"about":[{"href":"https:\/\/sites.ffkarate.fr\/ardennes\/wp-json\/wp\/v2\/types\/post"}],"author":[{"embeddable":true,"href":"https:\/\/sites.ffkarate.fr\/ardennes\/wp-json\/wp\/v2\/users\/73"}],"replies":[{"embeddable":true,"href":"https:\/\/sites.ffkarate.fr\/ardennes\/wp-json\/wp\/v2\/comments?post=1523"}],"version-history":[{"count":0,"href":"https:\/\/sites.ffkarate.fr\/ardennes\/wp-json\/wp\/v2\/posts\/1523\/revisions"}],"wp:featuredmedia":[{"embeddable":true,"href":"https:\/\/sites.ffkarate.fr\/ardennes\/wp-json\/wp\/v2\/media\/1524"}],"wp:attachment":[{"href":"https:\/\/sites.ffkarate.fr\/ardennes\/wp-json\/wp\/v2\/media?parent=1523"}],"wp:term":[{"taxonomy":"category","embeddable":true,"href":"https:\/\/sites.ffkarate.fr\/ardennes\/wp-json\/wp\/v2\/categories?post=1523"},{"taxonomy":"post_tag","embeddable":true,"href":"https:\/\/sites.ffkarate.fr\/ardennes\/wp-json\/wp\/v2\/tags?post=1523"}],"curies":[{"name":"wp","href":"https:\/\/api.w.org\/{rel}","templated":true}]}}