{"id":1165,"date":"2019-03-20T21:30:15","date_gmt":"2019-03-20T20:30:15","guid":{"rendered":"https:\/\/sites.ffkarate.fr\/aude\/?post_type=news&amp;p=1165"},"modified":"2019-03-20T21:30:15","modified_gmt":"2019-03-20T20:30:15","slug":"stage-de-karate-avec-loic-marty-expert-federal-karate-mix","status":"publish","type":"post","link":"https:\/\/sites.ffkarate.fr\/aude\/2019\/03\/20\/stage-de-karate-avec-loic-marty-expert-federal-karate-mix\/","title":{"rendered":"Stage de Karat\u00e9 avec Lo\u00efc Marty (Expert F\u00e9d\u00e9ral Karat\u00e9 Mix)"},"content":{"rendered":"<div class=\"wpb-content-wrapper\"><p>[vc_row][vc_column][vc_column_text]<\/p>\n<div>Le CIS Villemoustaussou karat\u00e9 organise un stage avec un expert f\u00e9d\u00e9ral Lo\u00efc Marty. le stage est ouvert aux autres clubs.<\/div>\n<div>Le 6 Avril de 14H \u00e0 17H.<\/div>\n<div><a href=\"https:\/\/sites.ffkarate.fr\/aude\/actualites\/stage-de-karate-avec-loic-marty-expert-federal-karate-mix\/received_378177149479683\/\" rel=\"attachment wp-att-1166\"><img decoding=\"async\" class=\"aligncenter size-medium wp-image-1166\" src=\"https:\/\/sites.ffkarate.fr\/aude\/wp-content\/uploads\/sites\/26\/2019\/03\/received_378177149479683-212x300.jpeg\" alt=\"received_378177149479683\" width=\"212\" height=\"300\" \/><\/a><\/div>\n<p>[\/vc_column_text][\/vc_column][\/vc_row]<\/p>\n<\/div>","protected":false},"excerpt":{"rendered":"<p>[vc_row][vc_column][vc_column_text] Le CIS Villemoustaussou karat\u00e9 organise un stage avec un expert f\u00e9d\u00e9ral Lo\u00efc Marty. le stage est ouvert aux autres clubs. Le 6 Avril de 14H \u00e0 17H. [\/vc_column_text][\/vc_column][\/vc_row]<\/p>\n","protected":false},"author":36,"featured_media":0,"comment_status":"closed","ping_status":"closed","sticky":false,"template":"","format":"standard","meta":{"footnotes":""},"categories":[1],"tags":[],"class_list":["post-1165","post","type-post","status-publish","format-standard","hentry","category-non-classe"],"_links":{"self":[{"href":"https:\/\/sites.ffkarate.fr\/aude\/wp-json\/wp\/v2\/posts\/1165","targetHints":{"allow":["GET"]}}],"collection":[{"href":"https:\/\/sites.ffkarate.fr\/aude\/wp-json\/wp\/v2\/posts"}],"about":[{"href":"https:\/\/sites.ffkarate.fr\/aude\/wp-json\/wp\/v2\/types\/post"}],"author":[{"embeddable":true,"href":"https:\/\/sites.ffkarate.fr\/aude\/wp-json\/wp\/v2\/users\/36"}],"replies":[{"embeddable":true,"href":"https:\/\/sites.ffkarate.fr\/aude\/wp-json\/wp\/v2\/comments?post=1165"}],"version-history":[{"count":0,"href":"https:\/\/sites.ffkarate.fr\/aude\/wp-json\/wp\/v2\/posts\/1165\/revisions"}],"wp:attachment":[{"href":"https:\/\/sites.ffkarate.fr\/aude\/wp-json\/wp\/v2\/media?parent=1165"}],"wp:term":[{"taxonomy":"category","embeddable":true,"href":"https:\/\/sites.ffkarate.fr\/aude\/wp-json\/wp\/v2\/categories?post=1165"},{"taxonomy":"post_tag","embeddable":true,"href":"https:\/\/sites.ffkarate.fr\/aude\/wp-json\/wp\/v2\/tags?post=1165"}],"curies":[{"name":"wp","href":"https:\/\/api.w.org\/{rel}","templated":true}]}}