{"id":6914,"date":"2019-10-20T21:03:45","date_gmt":"2019-10-20T19:03:45","guid":{"rendered":"https:\/\/sites.ffkarate.fr\/auvergnerhonealpes\/?post_type=news&amp;p=6914"},"modified":"2019-10-20T21:03:45","modified_gmt":"2019-10-20T19:03:45","slug":"pierre-cote-nouveau-directeur-technique-regional","status":"publish","type":"post","link":"https:\/\/sites.ffkarate.fr\/auvergnerhonealpes\/2019\/10\/20\/pierre-cote-nouveau-directeur-technique-regional\/","title":{"rendered":"Pierre C\u00f4te, nouveau Directeur Technique R\u00e9gional"},"content":{"rendered":"<div class=\"wpb-content-wrapper\"><p>[vc_row][vc_column][vc_column_text]<a href=\"https:\/\/sites.ffkarate.fr\/auvergnerhonealpes\/wp-content\/uploads\/sites\/107\/2019\/10\/Pierre145X150.jpg\"><img decoding=\"async\" class=\"alignnone size-full wp-image-6915 aligncenter\" src=\"https:\/\/sites.ffkarate.fr\/auvergnerhonealpes\/wp-content\/uploads\/sites\/107\/2019\/10\/Pierre145X150.jpg\" alt=\"Pierre145X150\" width=\"145\" height=\"150\" \/><\/a><\/p>\n<p style=\"text-align: center\">Suite \u00e0 l&rsquo;appel \u00e0 candidature, Pierre C\u00f4te \u00e0 \u00e9t\u00e9 nomm\u00e9 Directeur Technique R\u00e9gional.<\/p>\n<p>[\/vc_column_text][\/vc_column][\/vc_row]<\/p>\n<\/div>","protected":false},"excerpt":{"rendered":"<p>[vc_row][vc_column][vc_column_text] Suite \u00e0 l&rsquo;appel \u00e0 candidature, Pierre C\u00f4te \u00e0 \u00e9t\u00e9 nomm\u00e9 Directeur Technique R\u00e9gional. [\/vc_column_text][\/vc_column][\/vc_row]<\/p>\n","protected":false},"author":82,"featured_media":6867,"comment_status":"closed","ping_status":"closed","sticky":false,"template":"","format":"standard","meta":{"footnotes":""},"categories":[1],"tags":[],"class_list":["post-6914","post","type-post","status-publish","format-standard","hentry","category-non-classe"],"_links":{"self":[{"href":"https:\/\/sites.ffkarate.fr\/auvergnerhonealpes\/wp-json\/wp\/v2\/posts\/6914","targetHints":{"allow":["GET"]}}],"collection":[{"href":"https:\/\/sites.ffkarate.fr\/auvergnerhonealpes\/wp-json\/wp\/v2\/posts"}],"about":[{"href":"https:\/\/sites.ffkarate.fr\/auvergnerhonealpes\/wp-json\/wp\/v2\/types\/post"}],"author":[{"embeddable":true,"href":"https:\/\/sites.ffkarate.fr\/auvergnerhonealpes\/wp-json\/wp\/v2\/users\/82"}],"replies":[{"embeddable":true,"href":"https:\/\/sites.ffkarate.fr\/auvergnerhonealpes\/wp-json\/wp\/v2\/comments?post=6914"}],"version-history":[{"count":0,"href":"https:\/\/sites.ffkarate.fr\/auvergnerhonealpes\/wp-json\/wp\/v2\/posts\/6914\/revisions"}],"wp:featuredmedia":[{"embeddable":true,"href":"https:\/\/sites.ffkarate.fr\/auvergnerhonealpes\/wp-json\/wp\/v2\/media\/6867"}],"wp:attachment":[{"href":"https:\/\/sites.ffkarate.fr\/auvergnerhonealpes\/wp-json\/wp\/v2\/media?parent=6914"}],"wp:term":[{"taxonomy":"category","embeddable":true,"href":"https:\/\/sites.ffkarate.fr\/auvergnerhonealpes\/wp-json\/wp\/v2\/categories?post=6914"},{"taxonomy":"post_tag","embeddable":true,"href":"https:\/\/sites.ffkarate.fr\/auvergnerhonealpes\/wp-json\/wp\/v2\/tags?post=6914"}],"curies":[{"name":"wp","href":"https:\/\/api.w.org\/{rel}","templated":true}]}}