{"id":7469,"date":"2020-09-06T21:19:16","date_gmt":"2020-09-06T19:19:16","guid":{"rendered":"https:\/\/sites.ffkarate.fr\/auvergnerhonealpes\/?post_type=news&amp;p=7469"},"modified":"2020-09-06T21:19:16","modified_gmt":"2020-09-06T19:19:16","slug":"passage-de-grades-wushu","status":"publish","type":"post","link":"https:\/\/sites.ffkarate.fr\/auvergnerhonealpes\/2020\/09\/06\/passage-de-grades-wushu\/","title":{"rendered":"PASSAGE DE GRADES WUSHU"},"content":{"rendered":"<div class=\"wpb-content-wrapper\"><p>[vc_row][vc_column][vc_column_text]<\/p>\n<p style=\"font-weight: 400\"><strong>Un passage de grades WU SHU est organis\u00e9 le 4 octobre 2020 \u00e0 Paris. Cette session d&rsquo;examen est ouverte \u00e0 tous du grade duan 1 au 5 ceci afin de rattraper les passages annul\u00e9s pour cause de covid.<\/strong><\/p>\n<p style=\"font-weight: 400\"><strong>les dossiers sont \u00e0 envoyer directement au secr\u00e9tariat des grades \u00e0 Paris\u00a0\u00a0<\/strong><\/p>\n<p style=\"font-weight: 400\"><strong>Contact<\/strong><\/p>\n<p style=\"font-weight: 400\"><strong>Carla GUEMI\u00a0Secr\u00e9tariat aux Grades<br \/>\n01 41 17 44 93 \u2013\u00a0<a href=\"mailto:cguemi@ffkarate.fr\">cguemi@ffkarate.fr<\/a>\u00a0\u2013\u00a0<a href=\"mailto:grades@ffkarate.fr\">grades@ffkarate.fr<\/a><\/strong><\/p>\n<p style=\"font-weight: 400\"><strong>dossier \u00e0 envoyer avant le 4 septembre 2020.<\/strong><\/p>\n<p style=\"font-weight: 400\">\n<p style=\"font-weight: 400\"><strong>En vous souhaitant une bonne rentr\u00e9e.<\/strong><\/p>\n<p style=\"font-weight: 400\">\n<p style=\"font-weight: 400\"><strong>David Phan Nhuan<\/strong><\/p>\n<p style=\"font-weight: 400\"><strong>Responsable R\u00e9gional des Grades Wu Shu -ligue AURA<\/strong><\/p>\n<p>[\/vc_column_text][\/vc_column][\/vc_row]<\/p>\n<\/div>","protected":false},"excerpt":{"rendered":"<p>[vc_row][vc_column][vc_column_text] Un passage de grades WU SHU est organis\u00e9 le 4 octobre 2020 \u00e0 Paris. Cette session d&rsquo;examen est ouverte \u00e0 tous du grade duan 1 au 5 ceci afin de rattraper les passages annul\u00e9s pour cause de covid. les dossiers sont \u00e0 envoyer directement au secr\u00e9tariat des grades \u00e0 Paris\u00a0\u00a0 Contact Carla GUEMI\u00a0Secr\u00e9tariat aux [&hellip;]<\/p>\n","protected":false},"author":82,"featured_media":7169,"comment_status":"closed","ping_status":"closed","sticky":false,"template":"","format":"standard","meta":{"footnotes":""},"categories":[1],"tags":[],"class_list":["post-7469","post","type-post","status-publish","format-standard","hentry","category-non-classe"],"_links":{"self":[{"href":"https:\/\/sites.ffkarate.fr\/auvergnerhonealpes\/wp-json\/wp\/v2\/posts\/7469","targetHints":{"allow":["GET"]}}],"collection":[{"href":"https:\/\/sites.ffkarate.fr\/auvergnerhonealpes\/wp-json\/wp\/v2\/posts"}],"about":[{"href":"https:\/\/sites.ffkarate.fr\/auvergnerhonealpes\/wp-json\/wp\/v2\/types\/post"}],"author":[{"embeddable":true,"href":"https:\/\/sites.ffkarate.fr\/auvergnerhonealpes\/wp-json\/wp\/v2\/users\/82"}],"replies":[{"embeddable":true,"href":"https:\/\/sites.ffkarate.fr\/auvergnerhonealpes\/wp-json\/wp\/v2\/comments?post=7469"}],"version-history":[{"count":0,"href":"https:\/\/sites.ffkarate.fr\/auvergnerhonealpes\/wp-json\/wp\/v2\/posts\/7469\/revisions"}],"wp:featuredmedia":[{"embeddable":true,"href":"https:\/\/sites.ffkarate.fr\/auvergnerhonealpes\/wp-json\/wp\/v2\/media\/7169"}],"wp:attachment":[{"href":"https:\/\/sites.ffkarate.fr\/auvergnerhonealpes\/wp-json\/wp\/v2\/media?parent=7469"}],"wp:term":[{"taxonomy":"category","embeddable":true,"href":"https:\/\/sites.ffkarate.fr\/auvergnerhonealpes\/wp-json\/wp\/v2\/categories?post=7469"},{"taxonomy":"post_tag","embeddable":true,"href":"https:\/\/sites.ffkarate.fr\/auvergnerhonealpes\/wp-json\/wp\/v2\/tags?post=7469"}],"curies":[{"name":"wp","href":"https:\/\/api.w.org\/{rel}","templated":true}]}}