{"id":7514,"date":"2020-10-21T15:03:02","date_gmt":"2020-10-21T13:03:02","guid":{"rendered":"https:\/\/sites.ffkarate.fr\/auvergnerhonealpes\/?post_type=news&amp;p=7514"},"modified":"2020-10-21T15:03:02","modified_gmt":"2020-10-21T13:03:02","slug":"assemblee-generale-ordinaire-et-elective-du-25-octobre-votants-et-candidats","status":"publish","type":"post","link":"https:\/\/sites.ffkarate.fr\/auvergnerhonealpes\/2020\/10\/21\/assemblee-generale-ordinaire-et-elective-du-25-octobre-votants-et-candidats\/","title":{"rendered":"ASSEMBLEE GENERALE ORDINAIRE ET ELECTIVE DU 25 OCTOBRE: votants et candidats"},"content":{"rendered":"<div class=\"wpb-content-wrapper\"><p>[vc_row][vc_column][vc_column_text]Ce dimanche 25 octobre, se d\u00e9roulera l\u2019Assembl\u00e9e G\u00e9n\u00e9rale Ordinaire et Elective de la Ligue.<\/p>\n<p>Seuls les repr\u00e9sentants des clubs (\u00e9lus lors des Assembl\u00e9es G\u00e9n\u00e9rales des D\u00e9partements) voteront et seront admis \u00e0 celle-ci.<\/p>\n<p>Voici la liste (par ordre alphab\u00e9tique) des 25 candidats au Comit\u00e9 Directeur de la Ligue\u00a0:<\/p>\n<ul>\n<li>ACHACHE Abdel<\/li>\n<li>BARBIN Ghislaine<\/li>\n<li>BLANC Suzanne<\/li>\n<li>BRACCHI Joseph<\/li>\n<li>BRAILLON Didier<\/li>\n<li>CONSTANT St\u00e9phane<\/li>\n<li>CORDIER Jean-Marc<\/li>\n<li>DA SILVA Jaime<\/li>\n<li>DEMARINIS Denis<\/li>\n<li>DREISSIA Bachir<\/li>\n<li>DUMONT Gamra<\/li>\n<li>DUNEIGRE Florence<\/li>\n<li>EYSSARD Georges<\/li>\n<li>HEDEF Djamel<\/li>\n<li>LOMBARDI Thierry<\/li>\n<li>LOPES St\u00e9phanie<\/li>\n<li>MARTINEZ Francisco<\/li>\n<li>OBE\u00cfD Oualid<\/li>\n<li>OZIOL J\u00e9r\u00f4me<\/li>\n<li>PAUL Philippe<\/li>\n<li>PHAN NHUAN David<\/li>\n<li>SERRA Daniel<\/li>\n<li>SLIMANE Farid<\/li>\n<li>WALTER Fran\u00e7ois<\/li>\n<li>WALTER Val\u00e9rie<\/li>\n<\/ul>\n<p>&nbsp;<\/p>\n<p>Voici l\u2019ordre du jour de cette assembl\u00e9e\u00a0:\u00a0<a href=\"https:\/\/sites.ffkarate.fr\/auvergnerhonealpes\/wp-content\/uploads\/sites\/107\/2020\/10\/LAURA_AGO-ELECTIVE_CONVOCATION-ET-ODJ-_-25102020-MODIF-16102020.pdf\">LAURA_AGO ELECTIVE_CONVOCATION ET ODJ _ 25102020 &#8211; MODIF 16102020<\/a>[\/vc_column_text][\/vc_column][\/vc_row]<\/p>\n<\/div>","protected":false},"excerpt":{"rendered":"<p>[vc_row][vc_column][vc_column_text]Ce dimanche 25 octobre, se d\u00e9roulera l\u2019Assembl\u00e9e G\u00e9n\u00e9rale Ordinaire et Elective de la Ligue. Seuls les repr\u00e9sentants des clubs (\u00e9lus lors des Assembl\u00e9es G\u00e9n\u00e9rales des D\u00e9partements) voteront et seront admis \u00e0 celle-ci. Voici la liste (par ordre alphab\u00e9tique) des 25 candidats au Comit\u00e9 Directeur de la Ligue\u00a0: ACHACHE Abdel BARBIN Ghislaine BLANC Suzanne BRACCHI Joseph [&hellip;]<\/p>\n","protected":false},"author":82,"featured_media":7472,"comment_status":"closed","ping_status":"closed","sticky":false,"template":"","format":"standard","meta":{"footnotes":""},"categories":[1],"tags":[],"class_list":["post-7514","post","type-post","status-publish","format-standard","hentry","category-non-classe"],"_links":{"self":[{"href":"https:\/\/sites.ffkarate.fr\/auvergnerhonealpes\/wp-json\/wp\/v2\/posts\/7514","targetHints":{"allow":["GET"]}}],"collection":[{"href":"https:\/\/sites.ffkarate.fr\/auvergnerhonealpes\/wp-json\/wp\/v2\/posts"}],"about":[{"href":"https:\/\/sites.ffkarate.fr\/auvergnerhonealpes\/wp-json\/wp\/v2\/types\/post"}],"author":[{"embeddable":true,"href":"https:\/\/sites.ffkarate.fr\/auvergnerhonealpes\/wp-json\/wp\/v2\/users\/82"}],"replies":[{"embeddable":true,"href":"https:\/\/sites.ffkarate.fr\/auvergnerhonealpes\/wp-json\/wp\/v2\/comments?post=7514"}],"version-history":[{"count":0,"href":"https:\/\/sites.ffkarate.fr\/auvergnerhonealpes\/wp-json\/wp\/v2\/posts\/7514\/revisions"}],"wp:featuredmedia":[{"embeddable":true,"href":"https:\/\/sites.ffkarate.fr\/auvergnerhonealpes\/wp-json\/wp\/v2\/media\/7472"}],"wp:attachment":[{"href":"https:\/\/sites.ffkarate.fr\/auvergnerhonealpes\/wp-json\/wp\/v2\/media?parent=7514"}],"wp:term":[{"taxonomy":"category","embeddable":true,"href":"https:\/\/sites.ffkarate.fr\/auvergnerhonealpes\/wp-json\/wp\/v2\/categories?post=7514"},{"taxonomy":"post_tag","embeddable":true,"href":"https:\/\/sites.ffkarate.fr\/auvergnerhonealpes\/wp-json\/wp\/v2\/tags?post=7514"}],"curies":[{"name":"wp","href":"https:\/\/api.w.org\/{rel}","templated":true}]}}