{"id":7547,"date":"2020-10-25T19:44:07","date_gmt":"2020-10-25T18:44:07","guid":{"rendered":"https:\/\/sites.ffkarate.fr\/auvergnerhonealpes\/?post_type=news&amp;p=7547"},"modified":"2020-10-25T19:44:07","modified_gmt":"2020-10-25T18:44:07","slug":"assemblee-generale-elective-les-elus-au-comite-directeur","status":"publish","type":"post","link":"https:\/\/sites.ffkarate.fr\/auvergnerhonealpes\/2020\/10\/25\/assemblee-generale-elective-les-elus-au-comite-directeur\/","title":{"rendered":"Assembl\u00e9e G\u00e9n\u00e9rale Elective : les \u00e9lus au Comit\u00e9 Directeur"},"content":{"rendered":"<div class=\"wpb-content-wrapper\"><p>[vc_row][vc_column][vc_column_text]Ce dimanche 25 octobre 2020, au Novotel Confluence (Lyon), en pr\u00e9sence de Francis Didier, Pr\u00e9sident de la F\u00e9d\u00e9ration, s\u2019est tenue l\u2019Assembl\u00e9e G\u00e9n\u00e9rale Ordinaire et Elective de la Ligue.<\/p>\n<p>Voici proc\u00e8s-verbal de l&rsquo;Assembl\u00e9e G\u00e9n\u00e9rale Elective:\u00a0<a href=\"https:\/\/sites.ffkarate.fr\/auvergnerhonealpes\/wp-content\/uploads\/sites\/107\/2020\/10\/LAURA_PROJET-PV_ASSEMBLEE-GENERALE-ELECTIVE-25102020-2.pdf\">LAURA_PROJET PV_ASSEMBLEE GENERALE ELECTIVE 25102020 (2)<\/a><\/p>\n<p>Ont \u00e9t\u00e9 \u00e9lus au Comit\u00e9 Directeur de la ligue\u00a0:<\/p>\n<ul>\n<li>ACHACHE Abdel<\/li>\n<li>BARBIN Ghislaine<\/li>\n<li>LOPES St\u00e9phanie<\/li>\n<li>EYSSARD Georges<\/li>\n<li>BRACCHI Joseph<\/li>\n<li>PHAN NHUAN David<\/li>\n<li>BLANC Suzanne<\/li>\n<li>BRAILLON Didier<\/li>\n<li>DUMONT Gamra<\/li>\n<li>LOMBARDI Thierry<\/li>\n<li>PAUL Philippe<\/li>\n<li>DREISSIA Bachir<\/li>\n<li>DUNEIGRE Florence<\/li>\n<li>HEDEF Djamel<\/li>\n<\/ul>\n<p>&nbsp;<\/p>\n<p>Abdel ACHACHE a \u00e9t\u00e9 r\u00e9\u00e9lu Pr\u00e9sident de la Ligue.<\/p>\n<p>Les photos de l&rsquo;Assembl\u00e9e G\u00e9n\u00e9rale:\u00a0<a href=\"https:\/\/sites.ffkarate.fr\/auvergnerhonealpes\/photos\/assemblee-generale-ordinaire-et-elective-du-25-octobre-2020\/\">https:\/\/sites.ffkarate.fr\/auvergnerhonealpes\/photos\/assemblee-generale-ordinaire-et-elective-du-25-octobre-2020\/<\/a>[\/vc_column_text][\/vc_column][\/vc_row]<\/p>\n<\/div>","protected":false},"excerpt":{"rendered":"<p>[vc_row][vc_column][vc_column_text]Ce dimanche 25 octobre 2020, au Novotel Confluence (Lyon), en pr\u00e9sence de Francis Didier, Pr\u00e9sident de la F\u00e9d\u00e9ration, s\u2019est tenue l\u2019Assembl\u00e9e G\u00e9n\u00e9rale Ordinaire et Elective de la Ligue. Voici proc\u00e8s-verbal de l&rsquo;Assembl\u00e9e G\u00e9n\u00e9rale Elective:\u00a0LAURA_PROJET PV_ASSEMBLEE GENERALE ELECTIVE 25102020 (2) Ont \u00e9t\u00e9 \u00e9lus au Comit\u00e9 Directeur de la ligue\u00a0: ACHACHE Abdel BARBIN Ghislaine LOPES St\u00e9phanie EYSSARD [&hellip;]<\/p>\n","protected":false},"author":82,"featured_media":7524,"comment_status":"closed","ping_status":"closed","sticky":false,"template":"","format":"standard","meta":{"footnotes":""},"categories":[1],"tags":[],"class_list":["post-7547","post","type-post","status-publish","format-standard","hentry","category-non-classe"],"_links":{"self":[{"href":"https:\/\/sites.ffkarate.fr\/auvergnerhonealpes\/wp-json\/wp\/v2\/posts\/7547","targetHints":{"allow":["GET"]}}],"collection":[{"href":"https:\/\/sites.ffkarate.fr\/auvergnerhonealpes\/wp-json\/wp\/v2\/posts"}],"about":[{"href":"https:\/\/sites.ffkarate.fr\/auvergnerhonealpes\/wp-json\/wp\/v2\/types\/post"}],"author":[{"embeddable":true,"href":"https:\/\/sites.ffkarate.fr\/auvergnerhonealpes\/wp-json\/wp\/v2\/users\/82"}],"replies":[{"embeddable":true,"href":"https:\/\/sites.ffkarate.fr\/auvergnerhonealpes\/wp-json\/wp\/v2\/comments?post=7547"}],"version-history":[{"count":0,"href":"https:\/\/sites.ffkarate.fr\/auvergnerhonealpes\/wp-json\/wp\/v2\/posts\/7547\/revisions"}],"wp:featuredmedia":[{"embeddable":true,"href":"https:\/\/sites.ffkarate.fr\/auvergnerhonealpes\/wp-json\/wp\/v2\/media\/7524"}],"wp:attachment":[{"href":"https:\/\/sites.ffkarate.fr\/auvergnerhonealpes\/wp-json\/wp\/v2\/media?parent=7547"}],"wp:term":[{"taxonomy":"category","embeddable":true,"href":"https:\/\/sites.ffkarate.fr\/auvergnerhonealpes\/wp-json\/wp\/v2\/categories?post=7547"},{"taxonomy":"post_tag","embeddable":true,"href":"https:\/\/sites.ffkarate.fr\/auvergnerhonealpes\/wp-json\/wp\/v2\/tags?post=7547"}],"curies":[{"name":"wp","href":"https:\/\/api.w.org\/{rel}","templated":true}]}}