{"id":8746,"date":"2022-06-07T19:12:17","date_gmt":"2022-06-07T17:12:17","guid":{"rendered":"https:\/\/sites.ffkarate.fr\/auvergnerhonealpes\/?p=8746"},"modified":"2022-06-07T19:12:17","modified_gmt":"2022-06-07T17:12:17","slug":"mai-linh-bui-et-illies-elguir-selectionnes-pour-les-prochains-championnats-d-europe-jeune-2022","status":"publish","type":"post","link":"https:\/\/sites.ffkarate.fr\/auvergnerhonealpes\/2022\/06\/07\/mai-linh-bui-et-illies-elguir-selectionnes-pour-les-prochains-championnats-d-europe-jeune-2022\/","title":{"rendered":"Ma\u00ef-Linh BUI et Illies ELGUIR s\u00e9lectionn\u00e9s pour les prochains championnats d &lsquo;Europe Jeune 2022"},"content":{"rendered":"<div class=\"wpb-content-wrapper\"><p>[vc_row][vc_column][vc_column_text]2 comp\u00e9titeurs de la Ligue Auvergne Rh\u00f4ne Alpes\u00a0 seront pr\u00e9sents aux championnats d&rsquo;Europe\u00a0 cadets, juniors et espoirs qui se tiendront du 17 au 19 juin 2022 \u00e0 Prague en R\u00e9publique Tch\u00e8que.<\/p>\n<p>KATA individuel et \u00e9quipe dans la cat\u00e9gorie Cadette\u00a0 : Ma\u00ef-Linh BUI<\/p>\n<p>KUMIT\u00c9 cat\u00e9gorie Espoir -75 kg\u00a0 :\u00a0 Illies ELGUIR<\/p>\n<p><a href=\"https:\/\/www.ffkarate.fr\/selection-officielle-pour-les-championnats-deurope-jeunes-2022\/\" target=\"_blank\" rel=\"noopener\">selection-officielle-pour-les-championnats-deurope-jeunes-2022\/<\/a>[\/vc_column_text][\/vc_column][\/vc_row]<\/p>\n<\/div>","protected":false},"excerpt":{"rendered":"<p>[vc_row][vc_column][vc_column_text]2 comp\u00e9titeurs de la Ligue Auvergne Rh\u00f4ne Alpes\u00a0 seront pr\u00e9sents aux championnats d&rsquo;Europe\u00a0 cadets, juniors et espoirs qui se tiendront du 17 au 19 juin 2022 \u00e0 Prague en R\u00e9publique Tch\u00e8que. KATA individuel et \u00e9quipe dans la cat\u00e9gorie Cadette\u00a0 : Ma\u00ef-Linh BUI KUMIT\u00c9 cat\u00e9gorie Espoir -75 kg\u00a0 :\u00a0 Illies ELGUIR selection-officielle-pour-les-championnats-deurope-jeunes-2022\/[\/vc_column_text][\/vc_column][\/vc_row]<\/p>\n","protected":false},"author":82,"featured_media":0,"comment_status":"closed","ping_status":"closed","sticky":false,"template":"","format":"standard","meta":{"footnotes":""},"categories":[1],"tags":[],"class_list":["post-8746","post","type-post","status-publish","format-standard","hentry","category-non-classe"],"_links":{"self":[{"href":"https:\/\/sites.ffkarate.fr\/auvergnerhonealpes\/wp-json\/wp\/v2\/posts\/8746","targetHints":{"allow":["GET"]}}],"collection":[{"href":"https:\/\/sites.ffkarate.fr\/auvergnerhonealpes\/wp-json\/wp\/v2\/posts"}],"about":[{"href":"https:\/\/sites.ffkarate.fr\/auvergnerhonealpes\/wp-json\/wp\/v2\/types\/post"}],"author":[{"embeddable":true,"href":"https:\/\/sites.ffkarate.fr\/auvergnerhonealpes\/wp-json\/wp\/v2\/users\/82"}],"replies":[{"embeddable":true,"href":"https:\/\/sites.ffkarate.fr\/auvergnerhonealpes\/wp-json\/wp\/v2\/comments?post=8746"}],"version-history":[{"count":4,"href":"https:\/\/sites.ffkarate.fr\/auvergnerhonealpes\/wp-json\/wp\/v2\/posts\/8746\/revisions"}],"predecessor-version":[{"id":8750,"href":"https:\/\/sites.ffkarate.fr\/auvergnerhonealpes\/wp-json\/wp\/v2\/posts\/8746\/revisions\/8750"}],"wp:attachment":[{"href":"https:\/\/sites.ffkarate.fr\/auvergnerhonealpes\/wp-json\/wp\/v2\/media?parent=8746"}],"wp:term":[{"taxonomy":"category","embeddable":true,"href":"https:\/\/sites.ffkarate.fr\/auvergnerhonealpes\/wp-json\/wp\/v2\/categories?post=8746"},{"taxonomy":"post_tag","embeddable":true,"href":"https:\/\/sites.ffkarate.fr\/auvergnerhonealpes\/wp-json\/wp\/v2\/tags?post=8746"}],"curies":[{"name":"wp","href":"https:\/\/api.w.org\/{rel}","templated":true}]}}