{"id":9057,"date":"2022-11-30T10:48:53","date_gmt":"2022-11-30T09:48:53","guid":{"rendered":"https:\/\/sites.ffkarate.fr\/auvergnerhonealpes\/?p=9057"},"modified":"2022-11-30T10:48:53","modified_gmt":"2022-11-30T09:48:53","slug":"remise-de-la-medaille-de-la-ville-de-lyon-a-michel-muller","status":"publish","type":"post","link":"https:\/\/sites.ffkarate.fr\/auvergnerhonealpes\/2022\/11\/30\/remise-de-la-medaille-de-la-ville-de-lyon-a-michel-muller\/","title":{"rendered":"remise de la M\u00e9daille de la Ville de Lyon \u00e0 Michel Muller"},"content":{"rendered":"<div class=\"wpb-content-wrapper\"><p>[vc_row][vc_column][vc_column_text]Remise de la M\u00e9daille de la Ville de Lyon \u00e0 Michel Muller pour l&rsquo;obtention de son 8e Dan et son action dans la cit\u00e9 et pour la qualit\u00e9 et la richesse de son enseignement.[\/vc_column_text][\/vc_column][\/vc_row]<\/p>\n<\/div>","protected":false},"excerpt":{"rendered":"<p>[vc_row][vc_column][vc_column_text]Remise de la M\u00e9daille de la Ville de Lyon \u00e0 Michel Muller pour l&rsquo;obtention de son 8e Dan et son action dans la cit\u00e9 et pour la qualit\u00e9 et la richesse de son enseignement.[\/vc_column_text][\/vc_column][\/vc_row]<\/p>\n","protected":false},"author":82,"featured_media":9056,"comment_status":"closed","ping_status":"closed","sticky":false,"template":"","format":"standard","meta":{"footnotes":""},"categories":[5],"tags":[],"class_list":["post-9057","post","type-post","status-publish","format-standard","hentry","category-actualites"],"_links":{"self":[{"href":"https:\/\/sites.ffkarate.fr\/auvergnerhonealpes\/wp-json\/wp\/v2\/posts\/9057","targetHints":{"allow":["GET"]}}],"collection":[{"href":"https:\/\/sites.ffkarate.fr\/auvergnerhonealpes\/wp-json\/wp\/v2\/posts"}],"about":[{"href":"https:\/\/sites.ffkarate.fr\/auvergnerhonealpes\/wp-json\/wp\/v2\/types\/post"}],"author":[{"embeddable":true,"href":"https:\/\/sites.ffkarate.fr\/auvergnerhonealpes\/wp-json\/wp\/v2\/users\/82"}],"replies":[{"embeddable":true,"href":"https:\/\/sites.ffkarate.fr\/auvergnerhonealpes\/wp-json\/wp\/v2\/comments?post=9057"}],"version-history":[{"count":5,"href":"https:\/\/sites.ffkarate.fr\/auvergnerhonealpes\/wp-json\/wp\/v2\/posts\/9057\/revisions"}],"predecessor-version":[{"id":9062,"href":"https:\/\/sites.ffkarate.fr\/auvergnerhonealpes\/wp-json\/wp\/v2\/posts\/9057\/revisions\/9062"}],"wp:featuredmedia":[{"embeddable":true,"href":"https:\/\/sites.ffkarate.fr\/auvergnerhonealpes\/wp-json\/wp\/v2\/media\/9056"}],"wp:attachment":[{"href":"https:\/\/sites.ffkarate.fr\/auvergnerhonealpes\/wp-json\/wp\/v2\/media?parent=9057"}],"wp:term":[{"taxonomy":"category","embeddable":true,"href":"https:\/\/sites.ffkarate.fr\/auvergnerhonealpes\/wp-json\/wp\/v2\/categories?post=9057"},{"taxonomy":"post_tag","embeddable":true,"href":"https:\/\/sites.ffkarate.fr\/auvergnerhonealpes\/wp-json\/wp\/v2\/tags?post=9057"}],"curies":[{"name":"wp","href":"https:\/\/api.w.org\/{rel}","templated":true}]}}