{"id":9134,"date":"2023-01-05T19:21:48","date_gmt":"2023-01-05T18:21:48","guid":{"rendered":"https:\/\/sites.ffkarate.fr\/auvergnerhonealpes\/?p=9134"},"modified":"2023-01-05T19:24:55","modified_gmt":"2023-01-05T18:24:55","slug":"formation-karate-sante-et-cancer-anime-par-emmeline-mottet","status":"publish","type":"post","link":"https:\/\/sites.ffkarate.fr\/auvergnerhonealpes\/2023\/01\/05\/formation-karate-sante-et-cancer-anime-par-emmeline-mottet\/","title":{"rendered":"FORMATION KARAT\u00c9 SANT\u00c9 et  CANCER  anim\u00e9 par Emmeline Mottet"},"content":{"rendered":"<div class=\"wpb-content-wrapper\"><p>[vc_row][vc_column][vc_column_text]Samedi 21-01-2022 de 9h \u00e0 18h \u00e0 \u00a0La Nouvelle Renaissance Lyonnaise &#8211; 3 Rue Laurent Carle 69008 Lyon<\/p>\n<p><strong>FORMATION\u00a0 : Karat\u00e9 Sant\u00e9 et Cancer<\/strong> (th\u00e9orie et pratique =&gt; prendre le kimono)<\/p>\n<p>Formation anim\u00e9 par Emmeline Mottet<\/p>\n<ul>\n<li>Programme :\n<ul>\n<li>Identifier les principales sp\u00e9cificit\u00e9s de sant\u00e9 du public concern\u00e9<\/li>\n<li>Identifier les b\u00e9n\u00e9fices sp\u00e9cifiques pour le public concern\u00e9<\/li>\n<li>Identifier les contre-indications sp\u00e9cifiques pour le public concern\u00e9<\/li>\n<li>Identifier les points de vigilances sp\u00e9cifiques pour le public concern\u00e9<\/li>\n<li>Identifier les recommandations sp\u00e9cifiques pour le public concern\u00e9<\/li>\n<\/ul>\n<\/li>\n<li>Inscription\u00a0obligatoire avant le mercredi 18 janvier<\/li>\n<li>Retrouvez tous les d\u00e9tails et les modalit\u00e9s d&rsquo;inscription via ce lien :\u00a0<a href=\"https:\/\/emmeline.mottet.org\/bundles\/app\/principal\/doc\/karateSante\/formations\/2023-01-21-presentation-de-la-formation-karate-sante-et-cancer.pdf\" target=\"_blank\" rel=\"noopener\">https:\/\/<span id=\"0.9596266825510211\" class=\"highlight\">emmeline<\/span>.mottet.org\/bundles\/app\/principal\/doc\/karateSante\/formations\/2023-01-21-presentation-de-la-formation-karate-sante-et-cancer.pdf<\/a><\/li>\n<li>Tarif : 10\u20ac<\/li>\n<\/ul>\n<p>[\/vc_column_text][\/vc_column][\/vc_row]<\/p>\n<\/div>","protected":false},"excerpt":{"rendered":"<p>[vc_row][vc_column][vc_column_text]Samedi 21-01-2022 de 9h \u00e0 18h \u00e0 \u00a0La Nouvelle Renaissance Lyonnaise &#8211; 3 Rue Laurent Carle 69008 Lyon FORMATION\u00a0 : Karat\u00e9 Sant\u00e9 et Cancer (th\u00e9orie et pratique =&gt; prendre le kimono) Formation anim\u00e9 par Emmeline Mottet Programme : Identifier les principales sp\u00e9cificit\u00e9s de sant\u00e9 du public concern\u00e9 Identifier les b\u00e9n\u00e9fices sp\u00e9cifiques pour le public concern\u00e9 [&hellip;]<\/p>\n","protected":false},"author":82,"featured_media":0,"comment_status":"closed","ping_status":"closed","sticky":false,"template":"","format":"standard","meta":{"footnotes":""},"categories":[11],"tags":[],"class_list":["post-9134","post","type-post","status-publish","format-standard","hentry","category-formations"],"_links":{"self":[{"href":"https:\/\/sites.ffkarate.fr\/auvergnerhonealpes\/wp-json\/wp\/v2\/posts\/9134","targetHints":{"allow":["GET"]}}],"collection":[{"href":"https:\/\/sites.ffkarate.fr\/auvergnerhonealpes\/wp-json\/wp\/v2\/posts"}],"about":[{"href":"https:\/\/sites.ffkarate.fr\/auvergnerhonealpes\/wp-json\/wp\/v2\/types\/post"}],"author":[{"embeddable":true,"href":"https:\/\/sites.ffkarate.fr\/auvergnerhonealpes\/wp-json\/wp\/v2\/users\/82"}],"replies":[{"embeddable":true,"href":"https:\/\/sites.ffkarate.fr\/auvergnerhonealpes\/wp-json\/wp\/v2\/comments?post=9134"}],"version-history":[{"count":3,"href":"https:\/\/sites.ffkarate.fr\/auvergnerhonealpes\/wp-json\/wp\/v2\/posts\/9134\/revisions"}],"predecessor-version":[{"id":9137,"href":"https:\/\/sites.ffkarate.fr\/auvergnerhonealpes\/wp-json\/wp\/v2\/posts\/9134\/revisions\/9137"}],"wp:attachment":[{"href":"https:\/\/sites.ffkarate.fr\/auvergnerhonealpes\/wp-json\/wp\/v2\/media?parent=9134"}],"wp:term":[{"taxonomy":"category","embeddable":true,"href":"https:\/\/sites.ffkarate.fr\/auvergnerhonealpes\/wp-json\/wp\/v2\/categories?post=9134"},{"taxonomy":"post_tag","embeddable":true,"href":"https:\/\/sites.ffkarate.fr\/auvergnerhonealpes\/wp-json\/wp\/v2\/tags?post=9134"}],"curies":[{"name":"wp","href":"https:\/\/api.w.org\/{rel}","templated":true}]}}