{"id":2362,"date":"2017-11-16T21:25:17","date_gmt":"2017-11-16T20:25:17","guid":{"rendered":"https:\/\/sites.ffkarate.fr\/aveyron\/?post_type=news&amp;p=2362"},"modified":"2017-11-16T21:25:17","modified_gmt":"2017-11-16T20:25:17","slug":"15112017-stage-de-juges-de-grades-pour-la-saison-2017-2018","status":"publish","type":"post","link":"https:\/\/sites.ffkarate.fr\/aveyron\/2017\/11\/16\/15112017-stage-de-juges-de-grades-pour-la-saison-2017-2018\/","title":{"rendered":"15\/11\/2017 &#8211; Stage de juges de grades pour la saison 2017-2018"},"content":{"rendered":"<div class=\"wpb-content-wrapper\"><p>[vc_row][vc_column][vc_column_text]15\/11\/2017 &#8211; Stage de juges de grades pour la saison 2017-2018<\/p>\n<p>Des juges de grades et des futurs candidats au passage de grade se sont r\u00e9unis lors du stage de juges de grade \u00e0 Rodez.<\/p>\n<p><!--more--><\/p>\n<div id=\"attachment_2359\" style=\"width: 2746px\" class=\"wp-caption alignnone\"><a href=\"https:\/\/sites.ffkarate.fr\/aveyron\/wp-content\/uploads\/sites\/65\/2017\/11\/1-2.jpg\"><img decoding=\"async\" aria-describedby=\"caption-attachment-2359\" class=\"size-full wp-image-2359\" src=\"https:\/\/sites.ffkarate.fr\/aveyron\/wp-content\/uploads\/sites\/65\/2017\/11\/1-2.jpg\" alt=\"\u00a9 Alex \/ Ligue d' Occitanie\" width=\"2736\" height=\"1824\" \/><\/a><p id=\"caption-attachment-2359\" class=\"wp-caption-text\">\u00a9 Alex \/ Ligue d&rsquo; Occitanie<\/p><\/div>\n<div id=\"attachment_2360\" style=\"width: 2746px\" class=\"wp-caption alignnone\"><a href=\"https:\/\/sites.ffkarate.fr\/aveyron\/wp-content\/uploads\/sites\/65\/2017\/11\/2-1.jpg\"><img decoding=\"async\" aria-describedby=\"caption-attachment-2360\" class=\"size-full wp-image-2360\" src=\"https:\/\/sites.ffkarate.fr\/aveyron\/wp-content\/uploads\/sites\/65\/2017\/11\/2-1.jpg\" alt=\"\u00a9 Alex \/ Ligue d' Occitanie\" width=\"2736\" height=\"1824\" \/><\/a><p id=\"caption-attachment-2360\" class=\"wp-caption-text\">\u00a9 Alex \/ Ligue d&rsquo; Occitanie<\/p><\/div>\n<div id=\"attachment_2361\" style=\"width: 834px\" class=\"wp-caption alignnone\"><a href=\"https:\/\/sites.ffkarate.fr\/aveyron\/wp-content\/uploads\/sites\/65\/2017\/11\/Slyder1.jpg\"><img decoding=\"async\" aria-describedby=\"caption-attachment-2361\" class=\"size-full wp-image-2361\" src=\"https:\/\/sites.ffkarate.fr\/aveyron\/wp-content\/uploads\/sites\/65\/2017\/11\/Slyder1.jpg\" alt=\"\u00a9 Alex \/ Ligue d' Occitanie\" width=\"824\" height=\"392\" \/><\/a><p id=\"caption-attachment-2361\" class=\"wp-caption-text\">\u00a9 Alex \/ Ligue d&rsquo; Occitanie<\/p><\/div>\n<p>Pour les inscriptions \u00e0 un passage de grade, c&rsquo;est <a href=\"https:\/\/sites.ffkarate.fr\/aveyron\/passage-de-grade\/\">ICI<\/a><\/p>\n<p>Pour t\u00e9l\u00e9charger la r\u00e9glementation de la CSDGE c&rsquo;est <a href=\"https:\/\/sites.ffkarate.fr\/liguelanguedocroussillon\/wp-content\/uploads\/sites\/36\/2017\/09\/REGLT_CSDGE_GENERAL_VERSION_Web_DEF.pdf\">ICI<\/a>:\u00a0les R\u00e8gles g\u00e9n\u00e9rales, c&rsquo;est\u00a0<a href=\"https:\/\/sites.ffkarate.fr\/midipyrenees\/wp-content\/uploads\/sites\/22\/2017\/10\/REGLEMENT-CSDGE-REGLES-GENERALES.pdf\">ICI<\/a>\u00a0&#8212; la Partie technique, c&rsquo;est <a href=\"https:\/\/sites.ffkarate.fr\/midipyrenees\/wp-content\/uploads\/sites\/22\/2017\/10\/REGLEMENT-CSDGE-PARTIE-TECHNIQUE.pdf\">ICI<\/a>[\/vc_column_text][\/vc_column][\/vc_row]<\/p>\n<\/div>","protected":false},"excerpt":{"rendered":"<p>[vc_row][vc_column][vc_column_text]15\/11\/2017 &#8211; Stage de juges de grades pour la saison 2017-2018 Des juges de grades et des futurs candidats au passage de grade se sont r\u00e9unis lors du stage de juges de grade \u00e0 Rodez.<\/p>\n","protected":false},"author":38,"featured_media":2361,"comment_status":"closed","ping_status":"closed","sticky":false,"template":"","format":"standard","meta":{"footnotes":""},"categories":[1],"tags":[],"class_list":["post-2362","post","type-post","status-publish","format-standard","hentry","category-non-classe"],"_links":{"self":[{"href":"https:\/\/sites.ffkarate.fr\/aveyron\/wp-json\/wp\/v2\/posts\/2362","targetHints":{"allow":["GET"]}}],"collection":[{"href":"https:\/\/sites.ffkarate.fr\/aveyron\/wp-json\/wp\/v2\/posts"}],"about":[{"href":"https:\/\/sites.ffkarate.fr\/aveyron\/wp-json\/wp\/v2\/types\/post"}],"author":[{"embeddable":true,"href":"https:\/\/sites.ffkarate.fr\/aveyron\/wp-json\/wp\/v2\/users\/38"}],"replies":[{"embeddable":true,"href":"https:\/\/sites.ffkarate.fr\/aveyron\/wp-json\/wp\/v2\/comments?post=2362"}],"version-history":[{"count":0,"href":"https:\/\/sites.ffkarate.fr\/aveyron\/wp-json\/wp\/v2\/posts\/2362\/revisions"}],"wp:featuredmedia":[{"embeddable":true,"href":"https:\/\/sites.ffkarate.fr\/aveyron\/wp-json\/wp\/v2\/media\/2361"}],"wp:attachment":[{"href":"https:\/\/sites.ffkarate.fr\/aveyron\/wp-json\/wp\/v2\/media?parent=2362"}],"wp:term":[{"taxonomy":"category","embeddable":true,"href":"https:\/\/sites.ffkarate.fr\/aveyron\/wp-json\/wp\/v2\/categories?post=2362"},{"taxonomy":"post_tag","embeddable":true,"href":"https:\/\/sites.ffkarate.fr\/aveyron\/wp-json\/wp\/v2\/tags?post=2362"}],"curies":[{"name":"wp","href":"https:\/\/api.w.org\/{rel}","templated":true}]}}