{"id":6615,"date":"2023-11-26T12:25:29","date_gmt":"2023-11-26T11:25:29","guid":{"rendered":"https:\/\/sites.ffkarate.fr\/aveyron\/?p=6615"},"modified":"2023-11-26T12:25:29","modified_gmt":"2023-11-26T11:25:29","slug":"25-11-2023-stage-departemental-kata-anime-par-richard-gaspar-6eme-dan-a-st-affrique","status":"publish","type":"post","link":"https:\/\/sites.ffkarate.fr\/aveyron\/2023\/11\/26\/25-11-2023-stage-departemental-kata-anime-par-richard-gaspar-6eme-dan-a-st-affrique\/","title":{"rendered":"25\/11\/2023 &#8211; Stage d\u00e9partemental kata anim\u00e9 par Richard Gaspar 6\u00e8me dan \u00e0 St Affrique"},"content":{"rendered":"<div class=\"wpb-content-wrapper\"><p>[vc_row][vc_column][vc_column_text]<\/p>\n<div class=\"\" dir=\"auto\">\n<div id=\":r5j:\" class=\"x1iorvi4 x1pi30zi x1l90r2v x1swvt13\" data-ad-comet-preview=\"message\" data-ad-preview=\"message\">\n<div class=\"x78zum5 xdt5ytf xz62fqu x16ldp7u\">\n<div class=\"xu06os2 x1ok221b\">\n<div class=\"xdj266r x11i5rnm xat24cr x1mh8g0r x1vvkbs x126k92a\">\n<div dir=\"auto\">25\/11\/2023 \u00e0 St Affrique stage kata anim\u00e9 par Richard Gaspar 6\u00e8me dan.<\/div>\n<div dir=\"auto\">Une vingtaine de karat\u00e9kas venus des clubs de <a class=\"x1i10hfl xjbqb8w x6umtig x1b1mbwd xaqea5y xav7gou x9f619 x1ypdohk xt0psk2 xe8uvvx xdj266r x11i5rnm xat24cr x1mh8g0r xexx8yu x4uap5 x18d9i69 xkhd6sd x16tdsg8 x1hl2dhg xggy1nq x1a2a7pz xt0b8zv x1qq9wsj xo1l8bm\" role=\"link\" href=\"https:\/\/www.facebook.com\/profile.php?id=100063701526293&amp;__cft__[0]=AZVwB5id5x3c5GVgwc1ON-LRg_AOm3SN9ZdPlw4wNXzg3ijGg4tXN6zBpC5icFPGRFU0vRlFsAR-DeK-kK-cwOIoq2Db7F2rmhaibLH-agJfh0B-qyHKRE7GGLD_0Aj8ngB4FlrMh1B5hx4BBgRyOm1DoXSHAMzgIeWl6tohmgnSQ82xarEAQ4YRx34e8nfZtKk&amp;__tn__=-]K-R\" target=\"_blank\" rel=\"noopener\"><span class=\"xt0psk2\">Sakura KC Rodez<\/span><\/a>, <a class=\"x1i10hfl xjbqb8w x6umtig x1b1mbwd xaqea5y xav7gou x9f619 x1ypdohk xt0psk2 xe8uvvx xdj266r x11i5rnm xat24cr x1mh8g0r xexx8yu x4uap5 x18d9i69 xkhd6sd x16tdsg8 x1hl2dhg xggy1nq x1a2a7pz xt0b8zv x1qq9wsj xo1l8bm\" role=\"link\" href=\"https:\/\/www.facebook.com\/profile.php?id=100084028472444&amp;__cft__[0]=AZVwB5id5x3c5GVgwc1ON-LRg_AOm3SN9ZdPlw4wNXzg3ijGg4tXN6zBpC5icFPGRFU0vRlFsAR-DeK-kK-cwOIoq2Db7F2rmhaibLH-agJfh0B-qyHKRE7GGLD_0Aj8ngB4FlrMh1B5hx4BBgRyOm1DoXSHAMzgIeWl6tohmgnSQ82xarEAQ4YRx34e8nfZtKk&amp;__tn__=-]K-R\" target=\"_blank\" rel=\"noopener\"><span class=\"xt0psk2\">Karat\u00e9 Do Baraqueville<\/span><\/a>, Flavin, Onet le Ch\u00e2teau, St Affrique et Millau.<\/div>\n<div dir=\"auto\">Beaucoup d&rsquo;envie pour le travail sur le perfectionnement technique, de vitesse et de stabilit\u00e9.<\/div>\n<\/div>\n<\/div>\n<\/div>\n<\/div>\n<\/div>\n<p>[\/vc_column_text][vc_single_image image=\u00a0\u00bb6616&Prime;][\/vc_column][\/vc_row]<\/p>\n<\/div>","protected":false},"excerpt":{"rendered":"<p>[vc_row][vc_column][vc_column_text] 25\/11\/2023 \u00e0 St Affrique stage kata anim\u00e9 par Richard Gaspar 6\u00e8me dan. Une vingtaine de karat\u00e9kas venus des clubs de Sakura KC Rodez, Karat\u00e9 Do Baraqueville, Flavin, Onet le Ch\u00e2teau, St Affrique et Millau. Beaucoup d&rsquo;envie pour le travail sur le perfectionnement technique, de vitesse et de stabilit\u00e9. [\/vc_column_text][vc_single_image image=\u00a0\u00bb6616&Prime;][\/vc_column][\/vc_row]<\/p>\n","protected":false},"author":38,"featured_media":6616,"comment_status":"closed","ping_status":"closed","sticky":false,"template":"","format":"standard","meta":{"footnotes":""},"categories":[5,25,14,19],"tags":[],"class_list":["post-6615","post","type-post","status-publish","format-standard","hentry","category-actualites","category-evenements","category-karate","category-stages"],"_links":{"self":[{"href":"https:\/\/sites.ffkarate.fr\/aveyron\/wp-json\/wp\/v2\/posts\/6615","targetHints":{"allow":["GET"]}}],"collection":[{"href":"https:\/\/sites.ffkarate.fr\/aveyron\/wp-json\/wp\/v2\/posts"}],"about":[{"href":"https:\/\/sites.ffkarate.fr\/aveyron\/wp-json\/wp\/v2\/types\/post"}],"author":[{"embeddable":true,"href":"https:\/\/sites.ffkarate.fr\/aveyron\/wp-json\/wp\/v2\/users\/38"}],"replies":[{"embeddable":true,"href":"https:\/\/sites.ffkarate.fr\/aveyron\/wp-json\/wp\/v2\/comments?post=6615"}],"version-history":[{"count":1,"href":"https:\/\/sites.ffkarate.fr\/aveyron\/wp-json\/wp\/v2\/posts\/6615\/revisions"}],"predecessor-version":[{"id":6617,"href":"https:\/\/sites.ffkarate.fr\/aveyron\/wp-json\/wp\/v2\/posts\/6615\/revisions\/6617"}],"wp:featuredmedia":[{"embeddable":true,"href":"https:\/\/sites.ffkarate.fr\/aveyron\/wp-json\/wp\/v2\/media\/6616"}],"wp:attachment":[{"href":"https:\/\/sites.ffkarate.fr\/aveyron\/wp-json\/wp\/v2\/media?parent=6615"}],"wp:term":[{"taxonomy":"category","embeddable":true,"href":"https:\/\/sites.ffkarate.fr\/aveyron\/wp-json\/wp\/v2\/categories?post=6615"},{"taxonomy":"post_tag","embeddable":true,"href":"https:\/\/sites.ffkarate.fr\/aveyron\/wp-json\/wp\/v2\/tags?post=6615"}],"curies":[{"name":"wp","href":"https:\/\/api.w.org\/{rel}","templated":true}]}}