{"id":7511,"date":"2025-01-17T18:31:18","date_gmt":"2025-01-17T17:31:18","guid":{"rendered":"https:\/\/sites.ffkarate.fr\/aveyron\/?p=7511"},"modified":"2025-01-17T18:41:29","modified_gmt":"2025-01-17T17:41:29","slug":"11-et-12-01-2025-coupe-de-france-zone-sud-karate-contact-full-light-a-nimes","status":"publish","type":"post","link":"https:\/\/sites.ffkarate.fr\/aveyron\/2025\/01\/17\/11-et-12-01-2025-coupe-de-france-zone-sud-karate-contact-full-light-a-nimes\/","title":{"rendered":"11 et 12\/01\/2025 &#8211; Coupe de France zone sud Karat\u00e9 Contact Full\/Light \u00e0 N\u00eemes"},"content":{"rendered":"<div class=\"wpb-content-wrapper\"><p>[vc_row][vc_column][vc_column_text]<\/p>\n<div class=\"x11i5rnm xat24cr x1mh8g0r x1vvkbs xtlvy1s x126k92a\">\n<div dir=\"auto\"><span class=\"html-span xexx8yu x4uap5 x18d9i69 xkhd6sd x1hl2dhg x16tdsg8 x1vvkbs x3nfvp2 x1j61x8r x1fcty0u xdj266r xat24cr xgzva0m xhhsvwb xxymvpz xlup9mm x1kky2od\"><img decoding=\"async\" class=\"xz74otr\" src=\"https:\/\/static.xx.fbcdn.net\/images\/emoji.php\/v9\/t94\/1\/16\/1f947.png\" alt=\"\ud83e\udd47\" width=\"16\" height=\"16\" \/><\/span>1er Dimitri Pinquie (S\u00e9bazac) Senior -72kg\u00a0 en Full<\/div>\n<div dir=\"auto\"><span class=\"html-span xexx8yu x4uap5 x18d9i69 xkhd6sd x1hl2dhg x16tdsg8 x1vvkbs x3nfvp2 x1j61x8r x1fcty0u xdj266r xat24cr xgzva0m xhhsvwb xxymvpz xlup9mm x1kky2od\"><img decoding=\"async\" class=\"xz74otr\" src=\"https:\/\/static.xx.fbcdn.net\/images\/emoji.php\/v9\/t94\/1\/16\/1f947.png\" alt=\"\ud83e\udd47\" width=\"16\" height=\"16\" \/><\/span>1er Mat\u00e9o Blaise (S\u00e9bazac) Junior -75kg en Full<\/div>\n<div dir=\"auto\"><span class=\"html-span xexx8yu x4uap5 x18d9i69 xkhd6sd x1hl2dhg x16tdsg8 x1vvkbs x3nfvp2 x1j61x8r x1fcty0u xdj266r xat24cr xgzva0m xhhsvwb xxymvpz xlup9mm x1kky2od\"><img decoding=\"async\" class=\"xz74otr\" src=\"https:\/\/static.xx.fbcdn.net\/images\/emoji.php\/v9\/t15\/1\/16\/1f948.png\" alt=\"\ud83e\udd48\" width=\"16\" height=\"16\" \/><\/span>2e Laura Tissot (Villefranche) Senior +68kg en Light<\/div>\n<div dir=\"auto\"><span class=\"html-span xexx8yu x4uap5 x18d9i69 xkhd6sd x1hl2dhg x16tdsg8 x1vvkbs x3nfvp2 x1j61x8r x1fcty0u xdj266r xat24cr xgzva0m xhhsvwb xxymvpz xlup9mm x1kky2od\"><img decoding=\"async\" class=\"xz74otr\" src=\"https:\/\/static.xx.fbcdn.net\/images\/emoji.php\/v9\/t96\/1\/16\/1f949.png\" alt=\"\ud83e\udd49\" width=\"16\" height=\"16\" \/><\/span>3e Benjamin Leboiteux (Rieupeyroux) senior -82kg en Light<\/div>\n<div dir=\"auto\"><span class=\"html-span xexx8yu x4uap5 x18d9i69 xkhd6sd x1hl2dhg x16tdsg8 x1vvkbs x3nfvp2 x1j61x8r x1fcty0u xdj266r xat24cr xgzva0m xhhsvwb xxymvpz xlup9mm x1kky2od\"><img decoding=\"async\" class=\"xz74otr\" src=\"https:\/\/static.xx.fbcdn.net\/images\/emoji.php\/v9\/t96\/1\/16\/1f949.png\" alt=\"\ud83e\udd49\" width=\"16\" height=\"16\" \/><\/span>3e Barbara Laitem (Decazeville) 3e ex \u00e6quo v\u00e9t\u00e9rante +60 kg en Light<\/div>\n<div dir=\"auto\"><span class=\"html-span xexx8yu x4uap5 x18d9i69 xkhd6sd x1hl2dhg x16tdsg8 x1vvkbs x3nfvp2 x1j61x8r x1fcty0u xdj266r xat24cr xgzva0m xhhsvwb xxymvpz xlup9mm x1kky2od\"><img decoding=\"async\" class=\"xz74otr\" src=\"https:\/\/static.xx.fbcdn.net\/images\/emoji.php\/v9\/t96\/1\/16\/1f949.png\" alt=\"\ud83e\udd49\" width=\"16\" height=\"16\" \/><\/span>3e Myriam Vidal (Rieupeyroux) 3e ex \u00e6quo v\u00e9t\u00e9rante +60 kg en Light<\/div>\n<div dir=\"auto\"><\/div>\n<\/div>\n<div dir=\"auto\">F\u00e9licitations \u00e0 tous les comp\u00e9titeurs.<\/div>\n<div dir=\"auto\"><\/div>\n<div dir=\"auto\">\n<div>\n<div><b>4 dojos Aveyronnais<\/b> :<\/div>\n<div>\u00a0 \u00a0<img decoding=\"async\" class=\"an1\" src=\"https:\/\/fonts.gstatic.com\/s\/e\/notoemoji\/16.0\/1f977\/32.png\" alt=\"\ud83e\udd77\" data-emoji=\"\ud83e\udd77\" aria-label=\"\ud83e\udd77\" \/>Karat\u00e9 Contact Sebazac<\/div>\n<div>\u00a0 \u00a0<img decoding=\"async\" class=\"an1\" src=\"https:\/\/fonts.gstatic.com\/s\/e\/notoemoji\/16.0\/1f977\/32.png\" alt=\"\ud83e\udd77\" data-emoji=\"\ud83e\udd77\" aria-label=\"\ud83e\udd77\" \/>Club de Karat\u00e9 Contact Rieupeyroux<\/div>\n<div>\u00a0 \u00a0<img decoding=\"async\" class=\"an1\" src=\"https:\/\/fonts.gstatic.com\/s\/e\/notoemoji\/16.0\/1f977\/32.png\" alt=\"\ud83e\udd77\" data-emoji=\"\ud83e\udd77\" aria-label=\"\ud83e\udd77\" \/>Club Yoseikan Budo Decazeville<\/div>\n<div>\u00a0 \u00a0<img decoding=\"async\" class=\"an1\" src=\"https:\/\/fonts.gstatic.com\/s\/e\/notoemoji\/16.0\/1f977\/32.png\" alt=\"\ud83e\udd77\" data-emoji=\"\ud83e\udd77\" aria-label=\"\ud83e\udd77\" \/>Contact Karat\u00e9 Fight, Villefranche-de-Rouergue<\/div>\n<div>\n<div><\/div>\n<div>Coaching pour tous par G\u00e9rard Lacomme et Christophe Blaise<\/div>\n<\/div>\n<div>(et la pr\u00e9sence de Thierry Douls)<\/div>\n<\/div>\n<\/div>\n<div dir=\"auto\"><\/div>\n<div class=\"x11i5rnm xat24cr x1mh8g0r x1vvkbs xtlvy1s x126k92a\">\n<div dir=\"auto\"><a href=\"https:\/\/drive.google.com\/drive\/folders\/1PYgyI3FtAjxAR2jJu4T7FtF8Ynl7JfOW\" target=\"_blank\" rel=\"noopener\">Cliquez ICI pour plus de photos<\/a><\/div>\n<\/div>\n<p>[\/vc_column_text][\/vc_column][\/vc_row]<\/p>\n<\/div>","protected":false},"excerpt":{"rendered":"<p>[vc_row][vc_column][vc_column_text] 1er Dimitri Pinquie (S\u00e9bazac) Senior -72kg\u00a0 en Full 1er Mat\u00e9o Blaise (S\u00e9bazac) Junior -75kg en Full 2e Laura Tissot (Villefranche) Senior +68kg en Light 3e Benjamin Leboiteux (Rieupeyroux) senior -82kg en Light 3e Barbara Laitem (Decazeville) 3e ex \u00e6quo v\u00e9t\u00e9rante +60 kg en Light 3e Myriam Vidal (Rieupeyroux) 3e ex \u00e6quo v\u00e9t\u00e9rante +60 kg [&hellip;]<\/p>\n","protected":false},"author":38,"featured_media":7512,"comment_status":"closed","ping_status":"closed","sticky":false,"template":"","format":"standard","meta":{"footnotes":""},"categories":[5,10,15],"tags":[],"class_list":["post-7511","post","type-post","status-publish","format-standard","hentry","category-actualites","category-competitions","category-k-full-contact"],"_links":{"self":[{"href":"https:\/\/sites.ffkarate.fr\/aveyron\/wp-json\/wp\/v2\/posts\/7511","targetHints":{"allow":["GET"]}}],"collection":[{"href":"https:\/\/sites.ffkarate.fr\/aveyron\/wp-json\/wp\/v2\/posts"}],"about":[{"href":"https:\/\/sites.ffkarate.fr\/aveyron\/wp-json\/wp\/v2\/types\/post"}],"author":[{"embeddable":true,"href":"https:\/\/sites.ffkarate.fr\/aveyron\/wp-json\/wp\/v2\/users\/38"}],"replies":[{"embeddable":true,"href":"https:\/\/sites.ffkarate.fr\/aveyron\/wp-json\/wp\/v2\/comments?post=7511"}],"version-history":[{"count":5,"href":"https:\/\/sites.ffkarate.fr\/aveyron\/wp-json\/wp\/v2\/posts\/7511\/revisions"}],"predecessor-version":[{"id":7517,"href":"https:\/\/sites.ffkarate.fr\/aveyron\/wp-json\/wp\/v2\/posts\/7511\/revisions\/7517"}],"wp:featuredmedia":[{"embeddable":true,"href":"https:\/\/sites.ffkarate.fr\/aveyron\/wp-json\/wp\/v2\/media\/7512"}],"wp:attachment":[{"href":"https:\/\/sites.ffkarate.fr\/aveyron\/wp-json\/wp\/v2\/media?parent=7511"}],"wp:term":[{"taxonomy":"category","embeddable":true,"href":"https:\/\/sites.ffkarate.fr\/aveyron\/wp-json\/wp\/v2\/categories?post=7511"},{"taxonomy":"post_tag","embeddable":true,"href":"https:\/\/sites.ffkarate.fr\/aveyron\/wp-json\/wp\/v2\/tags?post=7511"}],"curies":[{"name":"wp","href":"https:\/\/api.w.org\/{rel}","templated":true}]}}