{"id":7563,"date":"2025-02-12T18:18:41","date_gmt":"2025-02-12T17:18:41","guid":{"rendered":"https:\/\/sites.ffkarate.fr\/aveyron\/?p=7563"},"modified":"2025-02-12T18:18:41","modified_gmt":"2025-02-12T17:18:41","slug":"7563","status":"publish","type":"post","link":"https:\/\/sites.ffkarate.fr\/aveyron\/2025\/02\/12\/7563\/","title":{"rendered":""},"content":{"rendered":"<div class=\"wpb-content-wrapper\"><p>[vc_row][vc_column][vc_column_text]<\/p>\n<div dir=\"auto\">Nous venons d&rsquo;apprendre le d\u00e9c\u00e8s d&rsquo;Alexandre Legros.<\/div>\n<div dir=\"auto\">Bien qu&rsquo;absent des tatamis depuis quelques ann\u00e9es il a marqu\u00e9 la vie du Sakura (en tant que membre, Comp\u00e9titeur et prof) et celle du d\u00e9partement des ann\u00e9es 1990 \u00e0 2005.<\/div>\n<div dir=\"auto\">Pour des raisons professionnelles il a v\u00e9cu au Canada a partir de 2005 avant de revenir vivre a Montpellier il y a quelques ann\u00e9es.<\/div>\n<div dir=\"auto\">Tout juste \u00e2g\u00e9 de 49 ans il laisse Aur\u00e9lie et leurs deux filles, L\u00e9a et L\u00e9onie.<\/div>\n<div dir=\"auto\">Les obs\u00e8ques se tiendront mardi 18 f\u00e9vrier \u00e0 15h30 au complexe fun\u00e9raire de Gramont (Montpellier).<\/div>\n<div dir=\"auto\">Plut\u00f4t que des fleurs des dons seront pr\u00e9f\u00e9r\u00e9s pour la recherche contre le cancer :<\/div>\n<div dir=\"auto\">Soutenez Gustave Roussy <span class=\"html-span xdj266r x11i5rnm xat24cr x1mh8g0r xexx8yu x4uap5 x18d9i69 xkhd6sd x1hl2dhg x16tdsg8 x1vvkbs\"><a class=\"x1i10hfl xjbqb8w x1ejq31n xd10rxx x1sy0etr x17r0tee x972fbf xcfux6l x1qhh985 xm0m39n x9f619 x1ypdohk xt0psk2 xe8uvvx xdj266r x11i5rnm xat24cr x1mh8g0r xexx8yu x4uap5 x18d9i69 xkhd6sd x16tdsg8 x1hl2dhg xggy1nq x1a2a7pz x1sur9pj xkrqix3 x1fey0fg x1s688f\" role=\"link\" href=\"https:\/\/soutenir.gustaveroussy.fr\/?fbclid=IwZXh0bgNhZW0CMTAAAR00wSXP50sIbGIuULjEJ8Xxoshg1O9Zfe1EKihQMIRK0T83QQvlQGxGsYw_aem_FsWnfp7Uy23lc99tBupRwg\" target=\"_blank\" rel=\"nofollow noopener noreferrer\">https:\/\/soutenir.gustaveroussy.fr<\/a><\/span><\/div>\n<div dir=\"auto\">Le CDKDA12 pr\u00e9sentes ses sinc\u00e8res condol\u00e9ances \u00e0 son \u00e9pouse, ses deux filles et \u00e0 toutes la famille<\/div>\n<p>[\/vc_column_text][\/vc_column][\/vc_row]<\/p>\n<\/div>","protected":false},"excerpt":{"rendered":"<p>[vc_row][vc_column][vc_column_text] Nous venons d&rsquo;apprendre le d\u00e9c\u00e8s d&rsquo;Alexandre Legros. Bien qu&rsquo;absent des tatamis depuis quelques ann\u00e9es il a marqu\u00e9 la vie du Sakura (en tant que membre, Comp\u00e9titeur et prof) et celle du d\u00e9partement des ann\u00e9es 1990 \u00e0 2005. Pour des raisons professionnelles il a v\u00e9cu au Canada a partir de 2005 avant de revenir vivre [&hellip;]<\/p>\n","protected":false},"author":38,"featured_media":7562,"comment_status":"closed","ping_status":"closed","sticky":false,"template":"","format":"standard","meta":{"footnotes":""},"categories":[1],"tags":[],"class_list":["post-7563","post","type-post","status-publish","format-standard","hentry","category-non-classe"],"_links":{"self":[{"href":"https:\/\/sites.ffkarate.fr\/aveyron\/wp-json\/wp\/v2\/posts\/7563","targetHints":{"allow":["GET"]}}],"collection":[{"href":"https:\/\/sites.ffkarate.fr\/aveyron\/wp-json\/wp\/v2\/posts"}],"about":[{"href":"https:\/\/sites.ffkarate.fr\/aveyron\/wp-json\/wp\/v2\/types\/post"}],"author":[{"embeddable":true,"href":"https:\/\/sites.ffkarate.fr\/aveyron\/wp-json\/wp\/v2\/users\/38"}],"replies":[{"embeddable":true,"href":"https:\/\/sites.ffkarate.fr\/aveyron\/wp-json\/wp\/v2\/comments?post=7563"}],"version-history":[{"count":1,"href":"https:\/\/sites.ffkarate.fr\/aveyron\/wp-json\/wp\/v2\/posts\/7563\/revisions"}],"predecessor-version":[{"id":7564,"href":"https:\/\/sites.ffkarate.fr\/aveyron\/wp-json\/wp\/v2\/posts\/7563\/revisions\/7564"}],"wp:featuredmedia":[{"embeddable":true,"href":"https:\/\/sites.ffkarate.fr\/aveyron\/wp-json\/wp\/v2\/media\/7562"}],"wp:attachment":[{"href":"https:\/\/sites.ffkarate.fr\/aveyron\/wp-json\/wp\/v2\/media?parent=7563"}],"wp:term":[{"taxonomy":"category","embeddable":true,"href":"https:\/\/sites.ffkarate.fr\/aveyron\/wp-json\/wp\/v2\/categories?post=7563"},{"taxonomy":"post_tag","embeddable":true,"href":"https:\/\/sites.ffkarate.fr\/aveyron\/wp-json\/wp\/v2\/tags?post=7563"}],"curies":[{"name":"wp","href":"https:\/\/api.w.org\/{rel}","templated":true}]}}