{"id":1843,"date":"2024-09-05T10:59:44","date_gmt":"2024-09-05T08:59:44","guid":{"rendered":"https:\/\/sites.ffkarate.fr\/basrhin\/?p=1843"},"modified":"2024-09-05T11:00:05","modified_gmt":"2024-09-05T09:00:05","slug":"les-nouvelles-affiches-2024-2025-sont-arrivees","status":"publish","type":"post","link":"https:\/\/sites.ffkarate.fr\/basrhin\/2024\/09\/05\/les-nouvelles-affiches-2024-2025-sont-arrivees\/","title":{"rendered":"Les nouvelles affiches 2024-2025 sont arriv\u00e9es !!!"},"content":{"rendered":"<div class=\"wpb-content-wrapper\"><p>[vc_row][vc_column][vc_column_text]<\/p>\n<p class=\"p1\"><span class=\"s1\">Dans une d\u00e9marche de responsabilit\u00e9 soci\u00e9tale et durable, la F\u00e9d\u00e9ration Fran\u00e7aise de Karat\u00e9 a d\u00e9velopp\u00e9 l\u2019application web gratuite <em>MyPoster<\/em>, afin de permettre aux clubs et organes d\u00e9concentr\u00e9s, de personnaliser les affiches de rentr\u00e9e de la F\u00e9d\u00e9ration avec les coordonn\u00e9es de leur structure et de les imprimer en quantit\u00e9 raisonn\u00e9e.<\/span><\/p>\n<p class=\"p1\"><span class=\"s1\"><a href=\"https:\/\/myposter.ffkarate.fr\/\" target=\"_blank\" rel=\"noopener\">Se connecter \u00e0 MyPoster<\/a><\/span><\/p>\n<p class=\"p1\"><span class=\"s1\">Vous devez vous munir de vos identifiants. <\/span><\/p>\n<p class=\"p1\"><span class=\"s1\">Nouveau club affili\u00e9 ? Contactez-nous \u00e0 <a href=\"mailto:myposter@ffkarate.fr\">myposter@ffkarate.fr<\/a> pour les obtenir.<\/span><\/p>\n<p class=\"p1\"><span class=\"s1\">\u00a0<\/span><\/p>\n<p class=\"p1\"><span class=\"s1\">La F\u00e9d\u00e9ration met \u00e0 votre disposition les kits de communication 2024-2025 pour chacune de ces disciplines : <a href=\"https:\/\/www.ffkarate.fr\/myposter\/\" target=\"_blank\" rel=\"noopener\">https:\/\/www.ffkarate.fr\/myposter\/<\/a><\/span><\/p>\n<p>[\/vc_column_text][\/vc_column][\/vc_row][vc_row][vc_column][vc_gallery images=\u00a0\u00bb1844,1845,1846,1847,1848,1849,1850,1851,1852,1853,1854,1855&Prime;][\/vc_column][\/vc_row][vc_row][vc_column][vc_single_image][\/vc_column][\/vc_row]<\/p>\n<\/div>","protected":false},"excerpt":{"rendered":"<p>[vc_row][vc_column][vc_column_text] Dans une d\u00e9marche de responsabilit\u00e9 soci\u00e9tale et durable, la F\u00e9d\u00e9ration Fran\u00e7aise de Karat\u00e9 a d\u00e9velopp\u00e9 l\u2019application web gratuite MyPoster, afin de permettre aux clubs et organes d\u00e9concentr\u00e9s, de personnaliser les affiches de rentr\u00e9e de la F\u00e9d\u00e9ration avec les coordonn\u00e9es de leur structure et de les imprimer en quantit\u00e9 raisonn\u00e9e. Se connecter \u00e0 MyPoster Vous [&hellip;]<\/p>\n","protected":false},"author":39,"featured_media":0,"comment_status":"closed","ping_status":"closed","sticky":false,"template":"","format":"standard","meta":{"footnotes":""},"categories":[1],"tags":[],"class_list":["post-1843","post","type-post","status-publish","format-standard","hentry","category-non-classe"],"_links":{"self":[{"href":"https:\/\/sites.ffkarate.fr\/basrhin\/wp-json\/wp\/v2\/posts\/1843","targetHints":{"allow":["GET"]}}],"collection":[{"href":"https:\/\/sites.ffkarate.fr\/basrhin\/wp-json\/wp\/v2\/posts"}],"about":[{"href":"https:\/\/sites.ffkarate.fr\/basrhin\/wp-json\/wp\/v2\/types\/post"}],"author":[{"embeddable":true,"href":"https:\/\/sites.ffkarate.fr\/basrhin\/wp-json\/wp\/v2\/users\/39"}],"replies":[{"embeddable":true,"href":"https:\/\/sites.ffkarate.fr\/basrhin\/wp-json\/wp\/v2\/comments?post=1843"}],"version-history":[{"count":2,"href":"https:\/\/sites.ffkarate.fr\/basrhin\/wp-json\/wp\/v2\/posts\/1843\/revisions"}],"predecessor-version":[{"id":1858,"href":"https:\/\/sites.ffkarate.fr\/basrhin\/wp-json\/wp\/v2\/posts\/1843\/revisions\/1858"}],"wp:attachment":[{"href":"https:\/\/sites.ffkarate.fr\/basrhin\/wp-json\/wp\/v2\/media?parent=1843"}],"wp:term":[{"taxonomy":"category","embeddable":true,"href":"https:\/\/sites.ffkarate.fr\/basrhin\/wp-json\/wp\/v2\/categories?post=1843"},{"taxonomy":"post_tag","embeddable":true,"href":"https:\/\/sites.ffkarate.fr\/basrhin\/wp-json\/wp\/v2\/tags?post=1843"}],"curies":[{"name":"wp","href":"https:\/\/api.w.org\/{rel}","templated":true}]}}