{"id":1320,"date":"2019-04-23T09:24:44","date_gmt":"2019-04-23T07:24:44","guid":{"rendered":"https:\/\/sites.ffkarate.fr\/bouchesdurhone\/?post_type=news&amp;p=1320"},"modified":"2019-04-23T09:24:44","modified_gmt":"2019-04-23T07:24:44","slug":"reglementation-des-grades","status":"publish","type":"post","link":"https:\/\/sites.ffkarate.fr\/bouchesdurhone\/2019\/04\/23\/reglementation-des-grades\/","title":{"rendered":"R\u00e8glementation des grades"},"content":{"rendered":"<div class=\"wpb-content-wrapper\"><p>[vc_row][vc_column][vc_column_text]Samedi 11 mai, de 9h \u00e0 11h, le comit\u00e9 d\u00e9partemental des Bouches-du-Rh\u00f4ne organise une matin\u00e9e d&rsquo;informations sur la r\u00e9glementation des grades du 1er au 4e dan, encadr\u00e9e par Nazih ASLOUN, responsable de la commission d&rsquo;organisation d\u00e9partementale des grades.<\/p>\n<p>Cette matin\u00e9e est ouverte \u00e0 tous les enseignants, juges et candidats de tous les styles (sans kimono). Divers r\u00e9f\u00e9rents des styles interviendront.<\/p>\n<p><em>Au dojo de la ZID Provence, 43 chemin de la commanderie, 13015 Marseille.<\/em><\/p>\n<p><a href=\"https:\/\/sites.ffkarate.fr\/bouchesdurhone\/actualites\/reglementation-des-grades\/img_9907\/\" rel=\"attachment wp-att-1321\"><img decoding=\"async\" class=\"aligncenter size-large wp-image-1321\" src=\"https:\/\/sites.ffkarate.fr\/bouchesdurhone\/wp-content\/uploads\/sites\/30\/2019\/04\/IMG_9907-724x1024.jpg\" alt=\"IMG_9907\" width=\"640\" height=\"905\" \/><\/a>[\/vc_column_text][\/vc_column][\/vc_row]<\/p>\n<\/div>","protected":false},"excerpt":{"rendered":"<p>[vc_row][vc_column][vc_column_text]Samedi 11 mai, de 9h \u00e0 11h, le comit\u00e9 d\u00e9partemental des Bouches-du-Rh\u00f4ne organise une matin\u00e9e d&rsquo;informations sur la r\u00e9glementation des grades du 1er au 4e dan, encadr\u00e9e par Nazih ASLOUN, responsable de la commission d&rsquo;organisation d\u00e9partementale des grades. Cette matin\u00e9e est ouverte \u00e0 tous les enseignants, juges et candidats de tous les styles (sans kimono). [&hellip;]<\/p>\n","protected":false},"author":40,"featured_media":1321,"comment_status":"closed","ping_status":"closed","sticky":false,"template":"","format":"standard","meta":{"footnotes":""},"categories":[1],"tags":[],"class_list":["post-1320","post","type-post","status-publish","format-standard","hentry","category-non-classe"],"_links":{"self":[{"href":"https:\/\/sites.ffkarate.fr\/bouchesdurhone\/wp-json\/wp\/v2\/posts\/1320","targetHints":{"allow":["GET"]}}],"collection":[{"href":"https:\/\/sites.ffkarate.fr\/bouchesdurhone\/wp-json\/wp\/v2\/posts"}],"about":[{"href":"https:\/\/sites.ffkarate.fr\/bouchesdurhone\/wp-json\/wp\/v2\/types\/post"}],"author":[{"embeddable":true,"href":"https:\/\/sites.ffkarate.fr\/bouchesdurhone\/wp-json\/wp\/v2\/users\/40"}],"replies":[{"embeddable":true,"href":"https:\/\/sites.ffkarate.fr\/bouchesdurhone\/wp-json\/wp\/v2\/comments?post=1320"}],"version-history":[{"count":0,"href":"https:\/\/sites.ffkarate.fr\/bouchesdurhone\/wp-json\/wp\/v2\/posts\/1320\/revisions"}],"wp:featuredmedia":[{"embeddable":true,"href":"https:\/\/sites.ffkarate.fr\/bouchesdurhone\/wp-json\/wp\/v2\/media\/1321"}],"wp:attachment":[{"href":"https:\/\/sites.ffkarate.fr\/bouchesdurhone\/wp-json\/wp\/v2\/media?parent=1320"}],"wp:term":[{"taxonomy":"category","embeddable":true,"href":"https:\/\/sites.ffkarate.fr\/bouchesdurhone\/wp-json\/wp\/v2\/categories?post=1320"},{"taxonomy":"post_tag","embeddable":true,"href":"https:\/\/sites.ffkarate.fr\/bouchesdurhone\/wp-json\/wp\/v2\/tags?post=1320"}],"curies":[{"name":"wp","href":"https:\/\/api.w.org\/{rel}","templated":true}]}}