{"id":1450,"date":"2020-04-07T12:34:03","date_gmt":"2020-04-07T10:34:03","guid":{"rendered":"https:\/\/sites.ffkarate.fr\/bouchesdurhone\/?post_type=news&amp;p=1450"},"modified":"2020-04-07T12:34:03","modified_gmt":"2020-04-07T10:34:03","slug":"assemblees-generales-3","status":"publish","type":"post","link":"https:\/\/sites.ffkarate.fr\/bouchesdurhone\/2020\/04\/07\/assemblees-generales-3\/","title":{"rendered":"Assembl\u00e9es g\u00e9n\u00e9rales"},"content":{"rendered":"<div class=\"wpb-content-wrapper\"><p>[vc_row][vc_column][vc_column_text]<a href=\"https:\/\/sites.ffkarate.fr\/bouchesdurhone\/actualites\/assemblees-generales-3\/20200627-af-agoe-2\/\" rel=\"attachment wp-att-1453\"><img decoding=\"async\" class=\"aligncenter size-large wp-image-1453\" src=\"https:\/\/sites.ffkarate.fr\/bouchesdurhone\/wp-content\/uploads\/sites\/30\/2020\/04\/20200627-AF-AGOE1-724x1024.jpg\" alt=\"20200627-AF-AGOE\" width=\"640\" height=\"905\" \/><\/a>Les assembl\u00e9es g\u00e9n\u00e9rales ordinaire et \u00e9lectives auront lieu le samedi 27 juin au si\u00e8ge Provence, 43 chemin de la commanderie \u00e0 Marseille.<\/p>\n<p>Les convocations vous sont en cours d&rsquo;envoi. Retrouvez les fiches de candidature ici :<\/p>\n<ul>\n<li><a href=\"https:\/\/sites.ffkarate.fr\/bouchesdurhone\/wp-content\/uploads\/sites\/30\/2020\/04\/Formulaire-candidature.pdf\" target=\"_blank\" rel=\"noopener\">Formulaire de candidature aux postes du comit\u00e9 directeur<\/a> ;<a href=\"https:\/\/sites.ffkarate.fr\/bouchesdurhone\/actualites\/assemblees-generales-3\/20200627-af-agoe\/\" rel=\"attachment wp-att-1451\"><br \/>\n<\/a><\/li>\n<li><a href=\"https:\/\/sites.ffkarate.fr\/bouchesdurhone\/wp-content\/uploads\/sites\/30\/2020\/04\/Formulaire-de-candidature-repreI_sentant-des-clubs.pdf\" target=\"_blank\" rel=\"noopener\">Formulaire de candidature au poste de repr\u00e9sentant des clubs<\/a>.<\/li>\n<\/ul>\n<p>[\/vc_column_text][\/vc_column][\/vc_row]<\/p>\n<\/div>","protected":false},"excerpt":{"rendered":"<p>[vc_row][vc_column][vc_column_text]Les assembl\u00e9es g\u00e9n\u00e9rales ordinaire et \u00e9lectives auront lieu le samedi 27 juin au si\u00e8ge Provence, 43 chemin de la commanderie \u00e0 Marseille. Les convocations vous sont en cours d&rsquo;envoi. Retrouvez les fiches de candidature ici : Formulaire de candidature aux postes du comit\u00e9 directeur ; Formulaire de candidature au poste de repr\u00e9sentant des clubs. [\/vc_column_text][\/vc_column][\/vc_row]<\/p>\n","protected":false},"author":40,"featured_media":1453,"comment_status":"closed","ping_status":"closed","sticky":false,"template":"","format":"standard","meta":{"footnotes":""},"categories":[1],"tags":[],"class_list":["post-1450","post","type-post","status-publish","format-standard","hentry","category-non-classe"],"_links":{"self":[{"href":"https:\/\/sites.ffkarate.fr\/bouchesdurhone\/wp-json\/wp\/v2\/posts\/1450","targetHints":{"allow":["GET"]}}],"collection":[{"href":"https:\/\/sites.ffkarate.fr\/bouchesdurhone\/wp-json\/wp\/v2\/posts"}],"about":[{"href":"https:\/\/sites.ffkarate.fr\/bouchesdurhone\/wp-json\/wp\/v2\/types\/post"}],"author":[{"embeddable":true,"href":"https:\/\/sites.ffkarate.fr\/bouchesdurhone\/wp-json\/wp\/v2\/users\/40"}],"replies":[{"embeddable":true,"href":"https:\/\/sites.ffkarate.fr\/bouchesdurhone\/wp-json\/wp\/v2\/comments?post=1450"}],"version-history":[{"count":0,"href":"https:\/\/sites.ffkarate.fr\/bouchesdurhone\/wp-json\/wp\/v2\/posts\/1450\/revisions"}],"wp:featuredmedia":[{"embeddable":true,"href":"https:\/\/sites.ffkarate.fr\/bouchesdurhone\/wp-json\/wp\/v2\/media\/1453"}],"wp:attachment":[{"href":"https:\/\/sites.ffkarate.fr\/bouchesdurhone\/wp-json\/wp\/v2\/media?parent=1450"}],"wp:term":[{"taxonomy":"category","embeddable":true,"href":"https:\/\/sites.ffkarate.fr\/bouchesdurhone\/wp-json\/wp\/v2\/categories?post=1450"},{"taxonomy":"post_tag","embeddable":true,"href":"https:\/\/sites.ffkarate.fr\/bouchesdurhone\/wp-json\/wp\/v2\/tags?post=1450"}],"curies":[{"name":"wp","href":"https:\/\/api.w.org\/{rel}","templated":true}]}}