{"id":1822,"date":"2019-04-23T16:27:24","date_gmt":"2019-04-23T14:27:24","guid":{"rendered":"https:\/\/sites.ffkarate.fr\/bourgognefranchecomte\/?post_type=news&amp;p=1822"},"modified":"2019-04-23T16:27:24","modified_gmt":"2019-04-23T14:27:24","slug":"medailles-internationales-pour-le-pka","status":"publish","type":"post","link":"https:\/\/sites.ffkarate.fr\/bourgognefranchecomte\/2019\/04\/23\/medailles-internationales-pour-le-pka\/","title":{"rendered":"M\u00e9dailles internationales pour le Planoise Karat\u00e9 Academy"},"content":{"rendered":"<div class=\"wpb-content-wrapper\"><p>[vc_row][vc_column][vc_column_text]<\/p>\n<blockquote>\n<div>\n<div class=\"\">\n<div id=\"yiv0546831967\" class=\"\">\n<div class=\"\" dir=\"ltr\">\n<div id=\"yiv0546831967yqt80399\" class=\"yiv0546831967yqt3050896238\">\n<div class=\"\">\n<div class=\"\">\n<div id=\"yiv0546831967x_yiv4601470102\" class=\"\">\n<div class=\"\">\n<div id=\"yiv0546831967x_yiv4601470102\" class=\"\">\n<div class=\"\"><strong class=\"\">Le mental a fait la diff\u00e9rence \u00e0 l&rsquo;Open d&rsquo;Orl\u00e9ans<br \/>\n<\/strong><\/div>\n<div class=\"\"><strong class=\"\">\u00a0<\/strong><\/div>\n<div class=\"\">1\u00e8re place : Imane YUGO s&rsquo;impose en minimes f\u00e9minines en -55 kgs avec un long parcours sem\u00e9 d\u2019emb\u00fbches en gagnant 6 combats difficiles.<\/div>\n<div class=\"\">1\u00e8re place : Halima BOUMAAZA (minime f\u00e9minin &#8211; 40 kgs) victorieuse du 1er au 6\u00e9me combat.<\/div>\n<div class=\"\"><strong class=\"\">\u00a0<\/strong>2\u00e8me place : Wassim SIOUANE pupille -40 kgs<\/div>\n<div class=\"\">\u00a03\u00e8me place : Haceyne MECHAI pupille &#8211; 35 kgs<\/div>\n<div class=\"\">\u00a02\u00e8me place :Said BOUDAA benjamin + 55 kgs<\/div>\n<div class=\"\">\u00a05\u00e8me place :\u00a0 ZAKNOUNE Zakaria minime -35 kgs et Yassin ZAKNOUNE en -70 kgs cadet.<\/div>\n<\/div>\n<\/div>\n<\/div>\n<\/div>\n<\/div>\n<\/div>\n<\/div>\n<\/div>\n<\/div>\n<\/div>\n<\/blockquote>\n<p><a href=\"https:\/\/sites.ffkarate.fr\/bourgognefranchecomte\/wp-content\/uploads\/sites\/114\/2019\/04\/20190327_193839.jpg\"><img decoding=\"async\" class=\"alignnone size-full wp-image-1823\" src=\"https:\/\/sites.ffkarate.fr\/bourgognefranchecomte\/wp-content\/uploads\/sites\/114\/2019\/04\/20190327_193839.jpg\" alt=\"20190327_193839\" width=\"4032\" height=\"1960\" \/><\/a> <a href=\"https:\/\/sites.ffkarate.fr\/bourgognefranchecomte\/wp-content\/uploads\/sites\/114\/2019\/04\/20190327_193854.jpg\"><img decoding=\"async\" class=\"alignnone size-full wp-image-1824\" src=\"https:\/\/sites.ffkarate.fr\/bourgognefranchecomte\/wp-content\/uploads\/sites\/114\/2019\/04\/20190327_193854.jpg\" alt=\"20190327_193854\" width=\"4032\" height=\"1960\" \/><\/a><\/p>\n<blockquote>\n<div>\n<div class=\"\">\n<div id=\"yiv0546831967\" class=\"\">\n<div class=\"\" dir=\"ltr\">\n<div id=\"yiv0546831967yqt80399\" class=\"yiv0546831967yqt3050896238\">\n<div class=\"\">\n<div class=\"\">\n<div id=\"yiv0546831967x_yiv4601470102\" class=\"\">\n<div class=\"\">\n<div id=\"yiv0546831967x_yiv4601470102\" class=\"\">\n<div class=\"\">De gauche \u00e0 droite : Said BOUDAA, Wassim SIOUANE, Haceyne MECHAI, Imane YUGO et Halima BOUMAAZA<\/div>\n<div class=\"\"><\/div>\n<div class=\"\"><strong>Les athl\u00e8tes du PKA lors de l&rsquo;open international jeunes \u00e0 B\u00e2le, 14 avril 2019, 650 participants 67 nations et 22 inscrits du Planoise Karat\u00e9 Academy.\u00a0<\/strong><br \/>\n3 premi\u00e8res places, 4 deuxi\u00e8mes places et 7 troisi\u00e8mes :<\/div>\n<\/div>\n<div class=\"\"><a href=\"https:\/\/sites.ffkarate.fr\/bourgognefranchecomte\/wp-content\/uploads\/sites\/114\/2019\/04\/20190416_200652.jpeg\"><img decoding=\"async\" class=\"alignnone size-full wp-image-1826\" src=\"https:\/\/sites.ffkarate.fr\/bourgognefranchecomte\/wp-content\/uploads\/sites\/114\/2019\/04\/20190416_200652.jpeg\" alt=\"20190416_200652\" width=\"4032\" height=\"1960\" \/><\/a><\/div>\n<div class=\"\">\n<div class=\"envelope\" align=\"left\">Debout de gauche \u00e0 droite : Yassin ZAKNOUNE\u00a0 2\u00e8me en U16 +63kg, Mohamed ZAKNOUNE\u00a0 1er en U18 -68kg, R\u00e9da ZEMOURI katas 3\u00e8me U16,\u00a0 Mokhtar EL MOSSOUES 3\u00e8me U18 -68kgs, Younes BENDIFALLAH 2\u00e8me\u00a0chez les U16 -52 kgs, Imane YUGO 1\u00e8re U14 -47 kgs, Thilleli IBBARI 1\u00e8re\u00a0en U16 -54 kgs, Halima BOUMAAZA 3\u00e8me U14 -47 kgs\u00a0 et 3\u00e8me en Katas U14.<\/div>\n<div class=\"envelope\" align=\"left\"><a href=\"https:\/\/sites.ffkarate.fr\/bourgognefranchecomte\/wp-content\/uploads\/sites\/114\/2019\/04\/20190416_2006521.jpeg\"><img decoding=\"async\" class=\"alignnone size-full wp-image-1827\" src=\"https:\/\/sites.ffkarate.fr\/bourgognefranchecomte\/wp-content\/uploads\/sites\/114\/2019\/04\/20190416_2006521.jpeg\" alt=\"20190416_200652\" width=\"4032\" height=\"1960\" \/><\/a><\/div>\n<div class=\"envelope\" align=\"left\">Accroupis de gauche \u00e0 droite : Sa\u00efd BOUDAA 3\u00e8me U12 +42 Kgs, Yasri HAIDAR\u00a0\u00a03\u00e8me\u00a0U12 -42kgs, 2\u00e8me Haceyne MECHAI U12 -42kgs,\u00a0 Siham YUGO 3\u00e8me U12 -36kgs, Leyina MECHAI 2\u00e8me U12 + 36 kgs<\/div>\n<\/div>\n<\/div>\n<\/div>\n<\/div>\n<\/div>\n<\/div>\n<\/div>\n<\/div>\n<\/div>\n<\/div>\n<\/blockquote>\n<p>[\/vc_column_text][\/vc_column][\/vc_row]<\/p>\n<\/div>","protected":false},"excerpt":{"rendered":"<p>[vc_row][vc_column][vc_column_text] Le mental a fait la diff\u00e9rence \u00e0 l&rsquo;Open d&rsquo;Orl\u00e9ans \u00a0 1\u00e8re place : Imane YUGO s&rsquo;impose en minimes f\u00e9minines en -55 kgs avec un long parcours sem\u00e9 d\u2019emb\u00fbches en gagnant 6 combats difficiles. 1\u00e8re place : Halima BOUMAAZA (minime f\u00e9minin &#8211; 40 kgs) victorieuse du 1er au 6\u00e9me combat. \u00a02\u00e8me place : Wassim SIOUANE [&hellip;]<\/p>\n","protected":false},"author":178,"featured_media":0,"comment_status":"closed","ping_status":"closed","sticky":false,"template":"","format":"standard","meta":{"footnotes":""},"categories":[1],"tags":[],"class_list":["post-1822","post","type-post","status-publish","format-standard","hentry","category-non-classe"],"_links":{"self":[{"href":"https:\/\/sites.ffkarate.fr\/bourgognefranchecomte\/wp-json\/wp\/v2\/posts\/1822","targetHints":{"allow":["GET"]}}],"collection":[{"href":"https:\/\/sites.ffkarate.fr\/bourgognefranchecomte\/wp-json\/wp\/v2\/posts"}],"about":[{"href":"https:\/\/sites.ffkarate.fr\/bourgognefranchecomte\/wp-json\/wp\/v2\/types\/post"}],"author":[{"embeddable":true,"href":"https:\/\/sites.ffkarate.fr\/bourgognefranchecomte\/wp-json\/wp\/v2\/users\/178"}],"replies":[{"embeddable":true,"href":"https:\/\/sites.ffkarate.fr\/bourgognefranchecomte\/wp-json\/wp\/v2\/comments?post=1822"}],"version-history":[{"count":0,"href":"https:\/\/sites.ffkarate.fr\/bourgognefranchecomte\/wp-json\/wp\/v2\/posts\/1822\/revisions"}],"wp:attachment":[{"href":"https:\/\/sites.ffkarate.fr\/bourgognefranchecomte\/wp-json\/wp\/v2\/media?parent=1822"}],"wp:term":[{"taxonomy":"category","embeddable":true,"href":"https:\/\/sites.ffkarate.fr\/bourgognefranchecomte\/wp-json\/wp\/v2\/categories?post=1822"},{"taxonomy":"post_tag","embeddable":true,"href":"https:\/\/sites.ffkarate.fr\/bourgognefranchecomte\/wp-json\/wp\/v2\/tags?post=1822"}],"curies":[{"name":"wp","href":"https:\/\/api.w.org\/{rel}","templated":true}]}}