{"id":2152,"date":"2020-07-24T10:21:59","date_gmt":"2020-07-24T08:21:59","guid":{"rendered":"https:\/\/sites.ffkarate.fr\/bourgognefranchecomte\/?post_type=news&amp;p=2152"},"modified":"2020-07-24T10:21:59","modified_gmt":"2020-07-24T08:21:59","slug":"assemblee-generale-elective","status":"publish","type":"post","link":"https:\/\/sites.ffkarate.fr\/bourgognefranchecomte\/2020\/07\/24\/assemblee-generale-elective\/","title":{"rendered":"Assembl\u00e9e g\u00e9n\u00e9rale \u00e9lective"},"content":{"rendered":"<div class=\"wpb-content-wrapper\"><p>[vc_row][vc_column][vc_column_text]<\/p>\n<p style=\"text-align: center\"><strong>ASSEMBLEE GENERALE ORDINAIRE ET ELECTIVE<\/strong><br \/>\n<strong>DE LA LIGUE REGIONALE DE <\/strong><br \/>\n<strong>BOURGOGNE FRANCHE-COMTE<\/strong><br \/>\n<strong>ANNONCE ASSEMBLEE GENERALE<\/strong><\/p>\n<p>La ligue r\u00e9gionale de Bourgogne Franche-Comt\u00e9 annonce la tenue de son assembl\u00e9e g\u00e9n\u00e9rale ordinaire et \u00e9lective qui se d\u00e9roulera le 24 septembre 2020 au Kyriad Mirande, 12-14 rue Pierre de Coubertin 21000 Dijon.<\/p>\n<p>Conform\u00e9ment aux statuts de la ligue r\u00e9gionale de Bourgogne Franche-Comt\u00e9, l\u2019assembl\u00e9e g\u00e9n\u00e9rale r\u00e9unira les repr\u00e9sentants des clubs titulaires \u00e9lus dans chaque comit\u00e9 d\u00e9partemental composant la ligue r\u00e9gionale, ou a \u00e0 d\u00e9faut de la pr\u00e9sence du titulaire leur suppl\u00e9ant.<\/p>\n<p>Au cours de cette assembl\u00e9e g\u00e9n\u00e9rale annuelle se tiendra notamment l\u2019\u00e9lection des membres du comit\u00e9 directeur de la ligue r\u00e9gionale de Bourgogne Franche-Comt\u00e9. L\u2019ordre du jour complet sera communiqu\u00e9 avec les convocations pour l\u2019assembl\u00e9e g\u00e9n\u00e9rale.<\/p>\n<p>Dans le cadre de cette assembl\u00e9e g\u00e9n\u00e9rale la ligue r\u00e9gionale de Bourgogne Franche-Comt\u00e9 lance un appel \u00e0 candidature pour les mandats du comit\u00e9 directeur de la ligue r\u00e9gionale de Bourgogne Franche-Comt\u00e9.<\/p>\n<p>En application de l\u2019article 4 des statuts de la ligue r\u00e9gionale, le comit\u00e9 directeur est compos\u00e9 de 8 \u00e0 14 membres.<\/p>\n<p>Les candidatures doivent \u00eatre envoy\u00e9es au plus tard le 3 septembre (20 jours francs avant la date de l\u2019assembl\u00e9e g\u00e9n\u00e9rale). Document \u00e0 t\u00e9l\u00e9charger ci-dessous.<\/p>\n<p>Les convocations seront transmises au plus tard le 8 septembre (15 jours francs avant l\u2019assembl\u00e9e g\u00e9n\u00e9rale).<\/p>\n<p><strong>\u00a0La Pr\u00e9sidente<\/strong><br \/>\n<strong>\u00a0V\u00e9ronique Parisot<\/strong><br \/>\nPr\u00e9sidente la Ligue Bourgogne Franche Comt\u00e9<br \/>\nDojo r\u00e9gional de Karat\u00e9 Alain Le Hetet<br \/>\nRue Sacha Distel<br \/>\n21800 Chevigny Saint Sauveur.<br \/>\nMobile. 06 77 75 02 18<\/p>\n<p><a href=\"https:\/\/sites.ffkarate.fr\/bourgognefranchecomte\/wp-content\/uploads\/sites\/109\/2020\/07\/Formulaire-type-de-candidature-au-Comite-D-irecteur-des-ligues-reI_gionales-20201.pdf\">Formulaire-type-de-candidature-au-Comite-D irecteur-des-ligues &#8211; re\u0301gionales 2020<\/a><\/p>\n<p><a href=\"https:\/\/sites.ffkarate.fr\/bourgognefranchecomte\/wp-content\/uploads\/sites\/114\/2020\/07\/Formulaire-type-de-candidature-au-Comite-D-irecteur-des-ligues-re\u0301gionales-20202.pdf\">2020<\/a><a href=\"https:\/\/sites.ffkarate.fr\/bourgognefranchecomte\/wp-content\/uploads\/sites\/109\/2020\/07\/Annonce-AG-Elective-2420202.pdf\">Annonce AG Elective 24:20:20<\/a>[\/vc_column_text][\/vc_column][\/vc_row]<\/p>\n<\/div>","protected":false},"excerpt":{"rendered":"<p>[vc_row][vc_column][vc_column_text] ASSEMBLEE GENERALE ORDINAIRE ET ELECTIVE DE LA LIGUE REGIONALE DE BOURGOGNE FRANCHE-COMTE ANNONCE ASSEMBLEE GENERALE La ligue r\u00e9gionale de Bourgogne Franche-Comt\u00e9 annonce la tenue de son assembl\u00e9e g\u00e9n\u00e9rale ordinaire et \u00e9lective qui se d\u00e9roulera le 24 septembre 2020 au Kyriad Mirande, 12-14 rue Pierre de Coubertin 21000 Dijon. Conform\u00e9ment aux statuts de la ligue [&hellip;]<\/p>\n","protected":false},"author":178,"featured_media":2114,"comment_status":"closed","ping_status":"closed","sticky":false,"template":"","format":"standard","meta":{"footnotes":""},"categories":[1],"tags":[],"class_list":["post-2152","post","type-post","status-publish","format-standard","hentry","category-non-classe"],"_links":{"self":[{"href":"https:\/\/sites.ffkarate.fr\/bourgognefranchecomte\/wp-json\/wp\/v2\/posts\/2152","targetHints":{"allow":["GET"]}}],"collection":[{"href":"https:\/\/sites.ffkarate.fr\/bourgognefranchecomte\/wp-json\/wp\/v2\/posts"}],"about":[{"href":"https:\/\/sites.ffkarate.fr\/bourgognefranchecomte\/wp-json\/wp\/v2\/types\/post"}],"author":[{"embeddable":true,"href":"https:\/\/sites.ffkarate.fr\/bourgognefranchecomte\/wp-json\/wp\/v2\/users\/178"}],"replies":[{"embeddable":true,"href":"https:\/\/sites.ffkarate.fr\/bourgognefranchecomte\/wp-json\/wp\/v2\/comments?post=2152"}],"version-history":[{"count":0,"href":"https:\/\/sites.ffkarate.fr\/bourgognefranchecomte\/wp-json\/wp\/v2\/posts\/2152\/revisions"}],"wp:featuredmedia":[{"embeddable":true,"href":"https:\/\/sites.ffkarate.fr\/bourgognefranchecomte\/wp-json\/wp\/v2\/media\/2114"}],"wp:attachment":[{"href":"https:\/\/sites.ffkarate.fr\/bourgognefranchecomte\/wp-json\/wp\/v2\/media?parent=2152"}],"wp:term":[{"taxonomy":"category","embeddable":true,"href":"https:\/\/sites.ffkarate.fr\/bourgognefranchecomte\/wp-json\/wp\/v2\/categories?post=2152"},{"taxonomy":"post_tag","embeddable":true,"href":"https:\/\/sites.ffkarate.fr\/bourgognefranchecomte\/wp-json\/wp\/v2\/tags?post=2152"}],"curies":[{"name":"wp","href":"https:\/\/api.w.org\/{rel}","templated":true}]}}