{"id":3084,"date":"2022-03-20T16:41:12","date_gmt":"2022-03-20T15:41:12","guid":{"rendered":"https:\/\/sites.ffkarate.fr\/bourgognefranchecomte\/?p=3084"},"modified":"2022-03-20T16:41:12","modified_gmt":"2022-03-20T15:41:12","slug":"stage-regional-selection-et-preparation-le-6-fevrier-2022-a-besancon","status":"publish","type":"post","link":"https:\/\/sites.ffkarate.fr\/bourgognefranchecomte\/2022\/03\/20\/stage-regional-selection-et-preparation-le-6-fevrier-2022-a-besancon\/","title":{"rendered":"Stage R\u00e9gional  s\u00e9lection et pr\u00e9paration le 6 f\u00e9vrier 2022 \u00e0 Besan\u00e7on"},"content":{"rendered":"<div class=\"wpb-content-wrapper\"><p>[vc_row][vc_column][vc_column_text]Le stage kumite du 6 f\u00e9vrier a r\u00e9uni 33 athl\u00e8tes le matin et 35 l\u2019apr\u00e8s-midi.<br \/>\nClubs pr\u00e9sents :<br \/>\n&#8211; Besan\u00e7on (Sauvegarde)<br \/>\n&#8211; Bethoncourt<br \/>\n&#8211; Vesoul<br \/>\n&#8211; Beaune<br \/>\n&#8211; Uscd<br \/>\n&#8211; Surgy<br \/>\n&#8211; Saint Florentin<\/p>\n<p>Ce stage \u00e9tait ouvert uniquement aux athl\u00e8tes m\u00e9daill\u00e9s lors de des comp\u00e9titions nationales ainsi que ceux qui poss\u00e8dent un fort potentiel.<br \/>\nEntra\u00eeneurs de clubs pr\u00e9sents :<br \/>\n&#8211; Hakim Agoune<br \/>\n&#8211; Fode Ndao<br \/>\n&#8211; Hierso<br \/>\n&#8211; Franck Picard<\/p>\n<p>Intervenants :<br \/>\n&#8211; Fode Ndao<br \/>\n&#8211; Entraineur R\u00e9gional<\/p>\n<p>Programme :<br \/>\n&#8211; 10h30 \/ 12h45 Entra\u00eenement Technique et quelques exercices d\u2019opposition.<br \/>\n&#8211; 14h \/ 17h : observation des athl\u00e8tes lors de combats arbitr\u00e9s sur 2 aires de tatamis.<br \/>\n&#8211; 17h-17h30 : D\u00e9briefing et annonce des s\u00e9lections pour les championnats de France des ligues.<\/p>\n<p>Courage \u00e0 tous pour les entra\u00eenements \u00e0 venir !<\/p>\n<p>Mohamed AKCHA<\/p>\n<p>Entra\u00eeneur r\u00e9gional Ligue de Bourgogne Franche Comt\u00e9[\/vc_column_text][\/vc_column][\/vc_row]<\/p>\n<\/div>","protected":false},"excerpt":{"rendered":"<p>[vc_row][vc_column][vc_column_text]Le stage kumite du 6 f\u00e9vrier a r\u00e9uni 33 athl\u00e8tes le matin et 35 l\u2019apr\u00e8s-midi. Clubs pr\u00e9sents : &#8211; Besan\u00e7on (Sauvegarde) &#8211; Bethoncourt &#8211; Vesoul &#8211; Beaune &#8211; Uscd &#8211; Surgy &#8211; Saint Florentin Ce stage \u00e9tait ouvert uniquement aux athl\u00e8tes m\u00e9daill\u00e9s lors de des comp\u00e9titions nationales ainsi que ceux qui poss\u00e8dent un fort potentiel. [&hellip;]<\/p>\n","protected":false},"author":178,"featured_media":2689,"comment_status":"closed","ping_status":"closed","sticky":false,"template":"","format":"standard","meta":{"footnotes":""},"categories":[1],"tags":[],"class_list":["post-3084","post","type-post","status-publish","format-standard","hentry","category-non-classe"],"_links":{"self":[{"href":"https:\/\/sites.ffkarate.fr\/bourgognefranchecomte\/wp-json\/wp\/v2\/posts\/3084","targetHints":{"allow":["GET"]}}],"collection":[{"href":"https:\/\/sites.ffkarate.fr\/bourgognefranchecomte\/wp-json\/wp\/v2\/posts"}],"about":[{"href":"https:\/\/sites.ffkarate.fr\/bourgognefranchecomte\/wp-json\/wp\/v2\/types\/post"}],"author":[{"embeddable":true,"href":"https:\/\/sites.ffkarate.fr\/bourgognefranchecomte\/wp-json\/wp\/v2\/users\/178"}],"replies":[{"embeddable":true,"href":"https:\/\/sites.ffkarate.fr\/bourgognefranchecomte\/wp-json\/wp\/v2\/comments?post=3084"}],"version-history":[{"count":1,"href":"https:\/\/sites.ffkarate.fr\/bourgognefranchecomte\/wp-json\/wp\/v2\/posts\/3084\/revisions"}],"predecessor-version":[{"id":3085,"href":"https:\/\/sites.ffkarate.fr\/bourgognefranchecomte\/wp-json\/wp\/v2\/posts\/3084\/revisions\/3085"}],"wp:featuredmedia":[{"embeddable":true,"href":"https:\/\/sites.ffkarate.fr\/bourgognefranchecomte\/wp-json\/wp\/v2\/media\/2689"}],"wp:attachment":[{"href":"https:\/\/sites.ffkarate.fr\/bourgognefranchecomte\/wp-json\/wp\/v2\/media?parent=3084"}],"wp:term":[{"taxonomy":"category","embeddable":true,"href":"https:\/\/sites.ffkarate.fr\/bourgognefranchecomte\/wp-json\/wp\/v2\/categories?post=3084"},{"taxonomy":"post_tag","embeddable":true,"href":"https:\/\/sites.ffkarate.fr\/bourgognefranchecomte\/wp-json\/wp\/v2\/tags?post=3084"}],"curies":[{"name":"wp","href":"https:\/\/api.w.org\/{rel}","templated":true}]}}