{"id":3092,"date":"2022-03-28T13:34:45","date_gmt":"2022-03-28T11:34:45","guid":{"rendered":"https:\/\/sites.ffkarate.fr\/bourgognefranchecomte\/?p=3092"},"modified":"2022-04-01T13:50:35","modified_gmt":"2022-04-01T11:50:35","slug":"nouvelles-victoires-de-nos-athletes-aux-championnats-de-france-universitaires","status":"publish","type":"post","link":"https:\/\/sites.ffkarate.fr\/bourgognefranchecomte\/2022\/03\/28\/nouvelles-victoires-de-nos-athletes-aux-championnats-de-france-universitaires\/","title":{"rendered":"Nouvelles victoires de nos athl\u00e8tes aux championnats de France universitaires du 26-27 mars \u00e0 Pont-a-Mousson !"},"content":{"rendered":"<div class=\"wpb-content-wrapper\"><p>[vc_row][vc_column][vc_column_text]Ce week-end des 26 et 27 mars, les championnats de France universitaires se tenaient \u00e0 Pont \u00e0 Mousson.<\/p>\n<div dir=\"ltr\">Le samedi \u00e9tait consacr\u00e9 aux \u00e9preuves individuelles. La comp\u00e9tition par \u00e9quipe s\u2019est d\u00e9roul\u00e9e le dimanche. 9 athl\u00e8tes issus de 4 clubs Bourguignons repr\u00e9sentant l\u2019universit\u00e9 de Dijon se sont qualifi\u00e9s pour cette phase finale.<\/div>\n<div dir=\"ltr\"><img decoding=\"async\" class=\"alignnone size-medium wp-image-3146\" src=\"https:\/\/sites.ffkarate.fr\/bourgognefranchecomte\/wp-content\/uploads\/sites\/109\/2022\/04\/Unknown-300x225.jpeg\" alt=\"\" width=\"300\" height=\"225\" srcset=\"https:\/\/sites.ffkarate.fr\/bourgognefranchecomte\/wp-content\/uploads\/sites\/109\/2022\/04\/Unknown-300x225.jpeg 300w, https:\/\/sites.ffkarate.fr\/bourgognefranchecomte\/wp-content\/uploads\/sites\/109\/2022\/04\/Unknown-1024x768.jpeg 1024w, https:\/\/sites.ffkarate.fr\/bourgognefranchecomte\/wp-content\/uploads\/sites\/109\/2022\/04\/Unknown-768x576.jpeg 768w, https:\/\/sites.ffkarate.fr\/bourgognefranchecomte\/wp-content\/uploads\/sites\/109\/2022\/04\/Unknown-400x300.jpeg 400w, https:\/\/sites.ffkarate.fr\/bourgognefranchecomte\/wp-content\/uploads\/sites\/109\/2022\/04\/Unknown.jpeg 1280w\" sizes=\"(max-width: 300px) 100vw, 300px\" \/><img decoding=\"async\" class=\"alignnone size-medium wp-image-3143\" src=\"https:\/\/sites.ffkarate.fr\/bourgognefranchecomte\/wp-content\/uploads\/sites\/109\/2022\/04\/IMG_7622-3-300x225.jpg\" alt=\"\" width=\"300\" height=\"225\" srcset=\"https:\/\/sites.ffkarate.fr\/bourgognefranchecomte\/wp-content\/uploads\/sites\/109\/2022\/04\/IMG_7622-3-300x225.jpg 300w, https:\/\/sites.ffkarate.fr\/bourgognefranchecomte\/wp-content\/uploads\/sites\/109\/2022\/04\/IMG_7622-3-1024x768.jpg 1024w, https:\/\/sites.ffkarate.fr\/bourgognefranchecomte\/wp-content\/uploads\/sites\/109\/2022\/04\/IMG_7622-3-768x576.jpg 768w, https:\/\/sites.ffkarate.fr\/bourgognefranchecomte\/wp-content\/uploads\/sites\/109\/2022\/04\/IMG_7622-3-400x300.jpg 400w, https:\/\/sites.ffkarate.fr\/bourgognefranchecomte\/wp-content\/uploads\/sites\/109\/2022\/04\/IMG_7622-3.jpg 1280w\" sizes=\"(max-width: 300px) 100vw, 300px\" \/><img decoding=\"async\" class=\"alignnone size-medium wp-image-3144\" src=\"https:\/\/sites.ffkarate.fr\/bourgognefranchecomte\/wp-content\/uploads\/sites\/109\/2022\/04\/IMG_7651-1-300x225.jpg\" alt=\"\" width=\"300\" height=\"225\" srcset=\"https:\/\/sites.ffkarate.fr\/bourgognefranchecomte\/wp-content\/uploads\/sites\/109\/2022\/04\/IMG_7651-1-300x225.jpg 300w, https:\/\/sites.ffkarate.fr\/bourgognefranchecomte\/wp-content\/uploads\/sites\/109\/2022\/04\/IMG_7651-1-1024x768.jpg 1024w, https:\/\/sites.ffkarate.fr\/bourgognefranchecomte\/wp-content\/uploads\/sites\/109\/2022\/04\/IMG_7651-1-768x576.jpg 768w, https:\/\/sites.ffkarate.fr\/bourgognefranchecomte\/wp-content\/uploads\/sites\/109\/2022\/04\/IMG_7651-1-400x300.jpg 400w, https:\/\/sites.ffkarate.fr\/bourgognefranchecomte\/wp-content\/uploads\/sites\/109\/2022\/04\/IMG_7651-1.jpg 1280w\" sizes=\"(max-width: 300px) 100vw, 300px\" \/><\/div>\n<div dir=\"ltr\">\n<div dir=\"ltr\">R\u00e9sultats :<\/div>\n<div dir=\"ltr\"><\/div>\n<div dir=\"ltr\">&#8211; Zohra Bouain (Saint Florentin) championne de France universitaire -50kg et 3\u00e8me par \u00e9quipe.<\/div>\n<div dir=\"ltr\">&#8211; Cl\u00e9mence PEA (Chevigny) championne de France universitaire + 68kg et 3\u00e8me en open.<\/div>\n<div dir=\"ltr\">&#8211; Erwan Siohan (USCD) champion de France universitaire -84kg.<\/div>\n<div dir=\"ltr\">&#8211; Nathan Geronvil (Chevigny) 3\u00e8me en -75kg et 3\u00e8me par \u00e9quipe.<\/div>\n<div dir=\"ltr\">&#8211; Mateo Moscone (Chevigny) 5\u00e8me en -67kg.<\/div>\n<div dir=\"ltr\">&#8211; Lilian Geronvil (Chevigny) 3\u00e8me par \u00e9quipe.<\/div>\n<div dir=\"ltr\">\n<div dir=\"ltr\">&#8211; L\u00e9a Prudhon (Chagny)<\/div>\n<div dir=\"ltr\">&#8211; William Kurek (Chevigny)<\/div>\n<div dir=\"ltr\">&#8211; Mohamed Ali Ramadan (Nevers)<\/div>\n<\/div>\n<div dir=\"ltr\"><\/div>\n<div dir=\"ltr\">Total :<\/div>\n<div dir=\"ltr\">&#8211; 6 podiums (3or, 3 bronze)<\/div>\n<div dir=\"ltr\">&#8211; 3 s\u00e9lections aux jeux europ\u00e9ens.<\/div>\n<div dir=\"ltr\"><\/div>\n<div dir=\"ltr\">\n<div dir=\"ltr\">Les 6\u00e8mes Jeux Europ\u00e9ens Universitaires, \u00e0 LODZ en Pologne, du 17 juillet au 30 juillet 2022.<\/div>\n<div dir=\"ltr\"><\/div>\n<div dir=\"ltr\">\u00a0La s\u00e9lection pour les championnats du monde universitaire pr\u00e9vus en Russie (septembre 2022) doit se faire ult\u00e9rieurement.<\/div>\n<div dir=\"ltr\"><\/div>\n<div dir=\"ltr\">Par ailleurs, l\u2019\u00e9quipe f\u00e9minine de Bourgogne Franche comte compos\u00e9 de Zohra Bouain, Cl\u00e9mence Pea, Na\u00efla A\u00efchouch et Elodie (Lyon) participait \u00e0 la rencontre organis\u00e9e par la FFKDA.<\/div>\n<div dir=\"ltr\">D\u00e9l\u00e9gations pr\u00e9sentes :<\/div>\n<div dir=\"ltr\">&#8211; Equipe de France A<\/div>\n<div dir=\"ltr\">&#8211; Equipe de France B<\/div>\n<div dir=\"ltr\">&#8211; Equipe Nationale des Pays Bas<\/div>\n<div dir=\"ltr\">&#8211; Ligue R\u00e9gionale Ile de France<\/div>\n<div dir=\"ltr\">&#8211; Ligue R\u00e9gionale Grand Est<\/div>\n<div dir=\"ltr\">&#8211; Ligue R\u00e9gionale Bourgogne Franche Comte<\/div>\n<div dir=\"ltr\"><\/div>\n<div dir=\"ltr\">F\u00e9licitations \u00e0 l&rsquo;ensemble de nos comp\u00e9titeurs !<\/div>\n<div dir=\"ltr\"><\/div>\n<\/div>\n<div dir=\"ltr\">Mohamed AKCHA<\/div>\n<div dir=\"ltr\">Entra\u00eeneur r\u00e9gional kumit\u00e9<\/div>\n<div dir=\"ltr\"><\/div>\n<div dir=\"ltr\"><img decoding=\"async\" class=\"alignnone size-medium wp-image-3099\" src=\"https:\/\/sites.ffkarate.fr\/bourgognefranchecomte\/wp-content\/uploads\/sites\/109\/2022\/03\/image-6-225x300.jpg\" alt=\"\" width=\"225\" height=\"300\" srcset=\"https:\/\/sites.ffkarate.fr\/bourgognefranchecomte\/wp-content\/uploads\/sites\/109\/2022\/03\/image-6-225x300.jpg 225w, https:\/\/sites.ffkarate.fr\/bourgognefranchecomte\/wp-content\/uploads\/sites\/109\/2022\/03\/image-6-768x1024.jpg 768w, https:\/\/sites.ffkarate.fr\/bourgognefranchecomte\/wp-content\/uploads\/sites\/109\/2022\/03\/image-6-1152x1536.jpg 1152w, https:\/\/sites.ffkarate.fr\/bourgognefranchecomte\/wp-content\/uploads\/sites\/109\/2022\/03\/image-6-1536x2048.jpg 1536w, https:\/\/sites.ffkarate.fr\/bourgognefranchecomte\/wp-content\/uploads\/sites\/109\/2022\/03\/image-6-scaled.jpg 1920w\" sizes=\"(max-width: 225px) 100vw, 225px\" \/> <img decoding=\"async\" class=\"alignnone size-medium wp-image-3097\" src=\"https:\/\/sites.ffkarate.fr\/bourgognefranchecomte\/wp-content\/uploads\/sites\/109\/2022\/03\/image-4-300x200.jpg\" alt=\"\" width=\"300\" height=\"200\" srcset=\"https:\/\/sites.ffkarate.fr\/bourgognefranchecomte\/wp-content\/uploads\/sites\/109\/2022\/03\/image-4-300x200.jpg 300w, https:\/\/sites.ffkarate.fr\/bourgognefranchecomte\/wp-content\/uploads\/sites\/109\/2022\/03\/image-4.jpg 640w\" sizes=\"(max-width: 300px) 100vw, 300px\" \/><img decoding=\"async\" class=\"alignnone size-medium wp-image-3096\" src=\"https:\/\/sites.ffkarate.fr\/bourgognefranchecomte\/wp-content\/uploads\/sites\/109\/2022\/03\/image-3-300x212.jpg\" alt=\"\" width=\"300\" height=\"212\" srcset=\"https:\/\/sites.ffkarate.fr\/bourgognefranchecomte\/wp-content\/uploads\/sites\/109\/2022\/03\/image-3-300x212.jpg 300w, https:\/\/sites.ffkarate.fr\/bourgognefranchecomte\/wp-content\/uploads\/sites\/109\/2022\/03\/image-3-768x544.jpg 768w, https:\/\/sites.ffkarate.fr\/bourgognefranchecomte\/wp-content\/uploads\/sites\/109\/2022\/03\/image-3.jpg 828w\" sizes=\"(max-width: 300px) 100vw, 300px\" \/><img decoding=\"async\" class=\"alignnone size-medium wp-image-3095\" src=\"https:\/\/sites.ffkarate.fr\/bourgognefranchecomte\/wp-content\/uploads\/sites\/109\/2022\/03\/image-2-300x169.jpg\" alt=\"\" width=\"300\" height=\"169\" srcset=\"https:\/\/sites.ffkarate.fr\/bourgognefranchecomte\/wp-content\/uploads\/sites\/109\/2022\/03\/image-2-300x169.jpg 300w, https:\/\/sites.ffkarate.fr\/bourgognefranchecomte\/wp-content\/uploads\/sites\/109\/2022\/03\/image-2-1024x576.jpg 1024w, https:\/\/sites.ffkarate.fr\/bourgognefranchecomte\/wp-content\/uploads\/sites\/109\/2022\/03\/image-2-768x432.jpg 768w, https:\/\/sites.ffkarate.fr\/bourgognefranchecomte\/wp-content\/uploads\/sites\/109\/2022\/03\/image-2-1536x864.jpg 1536w, https:\/\/sites.ffkarate.fr\/bourgognefranchecomte\/wp-content\/uploads\/sites\/109\/2022\/03\/image-2.jpg 2016w\" sizes=\"(max-width: 300px) 100vw, 300px\" \/><img decoding=\"async\" class=\"alignnone size-medium wp-image-3094\" src=\"https:\/\/sites.ffkarate.fr\/bourgognefranchecomte\/wp-content\/uploads\/sites\/109\/2022\/03\/image-1-300x169.jpg\" alt=\"\" width=\"300\" height=\"169\" srcset=\"https:\/\/sites.ffkarate.fr\/bourgognefranchecomte\/wp-content\/uploads\/sites\/109\/2022\/03\/image-1-300x169.jpg 300w, https:\/\/sites.ffkarate.fr\/bourgognefranchecomte\/wp-content\/uploads\/sites\/109\/2022\/03\/image-1-1024x576.jpg 1024w, https:\/\/sites.ffkarate.fr\/bourgognefranchecomte\/wp-content\/uploads\/sites\/109\/2022\/03\/image-1-768x432.jpg 768w, https:\/\/sites.ffkarate.fr\/bourgognefranchecomte\/wp-content\/uploads\/sites\/109\/2022\/03\/image-1-1536x864.jpg 1536w, https:\/\/sites.ffkarate.fr\/bourgognefranchecomte\/wp-content\/uploads\/sites\/109\/2022\/03\/image-1.jpg 2016w\" sizes=\"(max-width: 300px) 100vw, 300px\" \/><img decoding=\"async\" class=\"alignnone size-medium wp-image-3098\" src=\"https:\/\/sites.ffkarate.fr\/bourgognefranchecomte\/wp-content\/uploads\/sites\/109\/2022\/03\/image-5-300x169.jpg\" alt=\"\" width=\"300\" height=\"169\" srcset=\"https:\/\/sites.ffkarate.fr\/bourgognefranchecomte\/wp-content\/uploads\/sites\/109\/2022\/03\/image-5-300x169.jpg 300w, https:\/\/sites.ffkarate.fr\/bourgognefranchecomte\/wp-content\/uploads\/sites\/109\/2022\/03\/image-5-1024x576.jpg 1024w, https:\/\/sites.ffkarate.fr\/bourgognefranchecomte\/wp-content\/uploads\/sites\/109\/2022\/03\/image-5-768x432.jpg 768w, https:\/\/sites.ffkarate.fr\/bourgognefranchecomte\/wp-content\/uploads\/sites\/109\/2022\/03\/image-5-1536x864.jpg 1536w, https:\/\/sites.ffkarate.fr\/bourgognefranchecomte\/wp-content\/uploads\/sites\/109\/2022\/03\/image-5.jpg 2016w\" sizes=\"(max-width: 300px) 100vw, 300px\" \/><\/div>\n<div dir=\"ltr\"><img decoding=\"async\" class=\"alignnone size-medium wp-image-3118\" src=\"https:\/\/sites.ffkarate.fr\/bourgognefranchecomte\/wp-content\/uploads\/sites\/109\/2022\/03\/IMG_0106-300x200.jpg\" alt=\"\" width=\"300\" height=\"200\" srcset=\"https:\/\/sites.ffkarate.fr\/bourgognefranchecomte\/wp-content\/uploads\/sites\/109\/2022\/03\/IMG_0106-300x200.jpg 300w, https:\/\/sites.ffkarate.fr\/bourgognefranchecomte\/wp-content\/uploads\/sites\/109\/2022\/03\/IMG_0106.jpg 480w\" sizes=\"(max-width: 300px) 100vw, 300px\" \/><img decoding=\"async\" class=\"alignnone size-medium wp-image-3119\" src=\"https:\/\/sites.ffkarate.fr\/bourgognefranchecomte\/wp-content\/uploads\/sites\/109\/2022\/03\/IMG_0099-300x169.jpg\" alt=\"\" width=\"300\" height=\"169\" srcset=\"https:\/\/sites.ffkarate.fr\/bourgognefranchecomte\/wp-content\/uploads\/sites\/109\/2022\/03\/IMG_0099-300x169.jpg 300w, https:\/\/sites.ffkarate.fr\/bourgognefranchecomte\/wp-content\/uploads\/sites\/109\/2022\/03\/IMG_0099.jpg 480w\" sizes=\"(max-width: 300px) 100vw, 300px\" \/><img decoding=\"async\" class=\"alignnone size-medium wp-image-3120\" src=\"https:\/\/sites.ffkarate.fr\/bourgognefranchecomte\/wp-content\/uploads\/sites\/109\/2022\/03\/IMG_0100-300x169.jpg\" alt=\"\" width=\"300\" height=\"169\" srcset=\"https:\/\/sites.ffkarate.fr\/bourgognefranchecomte\/wp-content\/uploads\/sites\/109\/2022\/03\/IMG_0100-300x169.jpg 300w, https:\/\/sites.ffkarate.fr\/bourgognefranchecomte\/wp-content\/uploads\/sites\/109\/2022\/03\/IMG_0100.jpg 480w\" sizes=\"(max-width: 300px) 100vw, 300px\" \/><\/div>\n<\/div>\n<p>[\/vc_column_text][\/vc_column][\/vc_row]<\/p>\n<\/div>","protected":false},"excerpt":{"rendered":"<p>[vc_row][vc_column][vc_column_text]Ce week-end des 26 et 27 mars, les championnats de France universitaires se tenaient \u00e0 Pont \u00e0 Mousson. Le samedi \u00e9tait consacr\u00e9 aux \u00e9preuves individuelles. La comp\u00e9tition par \u00e9quipe s\u2019est d\u00e9roul\u00e9e le dimanche. 9 athl\u00e8tes issus de 4 clubs Bourguignons repr\u00e9sentant l\u2019universit\u00e9 de Dijon se sont qualifi\u00e9s pour cette phase finale. R\u00e9sultats : &#8211; Zohra [&hellip;]<\/p>\n","protected":false},"author":178,"featured_media":3146,"comment_status":"closed","ping_status":"closed","sticky":false,"template":"","format":"standard","meta":{"footnotes":""},"categories":[1],"tags":[],"class_list":["post-3092","post","type-post","status-publish","format-standard","hentry","category-non-classe"],"_links":{"self":[{"href":"https:\/\/sites.ffkarate.fr\/bourgognefranchecomte\/wp-json\/wp\/v2\/posts\/3092","targetHints":{"allow":["GET"]}}],"collection":[{"href":"https:\/\/sites.ffkarate.fr\/bourgognefranchecomte\/wp-json\/wp\/v2\/posts"}],"about":[{"href":"https:\/\/sites.ffkarate.fr\/bourgognefranchecomte\/wp-json\/wp\/v2\/types\/post"}],"author":[{"embeddable":true,"href":"https:\/\/sites.ffkarate.fr\/bourgognefranchecomte\/wp-json\/wp\/v2\/users\/178"}],"replies":[{"embeddable":true,"href":"https:\/\/sites.ffkarate.fr\/bourgognefranchecomte\/wp-json\/wp\/v2\/comments?post=3092"}],"version-history":[{"count":10,"href":"https:\/\/sites.ffkarate.fr\/bourgognefranchecomte\/wp-json\/wp\/v2\/posts\/3092\/revisions"}],"predecessor-version":[{"id":3148,"href":"https:\/\/sites.ffkarate.fr\/bourgognefranchecomte\/wp-json\/wp\/v2\/posts\/3092\/revisions\/3148"}],"wp:featuredmedia":[{"embeddable":true,"href":"https:\/\/sites.ffkarate.fr\/bourgognefranchecomte\/wp-json\/wp\/v2\/media\/3146"}],"wp:attachment":[{"href":"https:\/\/sites.ffkarate.fr\/bourgognefranchecomte\/wp-json\/wp\/v2\/media?parent=3092"}],"wp:term":[{"taxonomy":"category","embeddable":true,"href":"https:\/\/sites.ffkarate.fr\/bourgognefranchecomte\/wp-json\/wp\/v2\/categories?post=3092"},{"taxonomy":"post_tag","embeddable":true,"href":"https:\/\/sites.ffkarate.fr\/bourgognefranchecomte\/wp-json\/wp\/v2\/tags?post=3092"}],"curies":[{"name":"wp","href":"https:\/\/api.w.org\/{rel}","templated":true}]}}