{"id":3338,"date":"2022-10-27T14:34:39","date_gmt":"2022-10-27T12:34:39","guid":{"rendered":"https:\/\/sites.ffkarate.fr\/bourgognefranchecomte\/?p=3338"},"modified":"2022-10-27T14:41:37","modified_gmt":"2022-10-27T12:41:37","slug":"evenement-open-de-france-combats-noris","status":"publish","type":"post","link":"https:\/\/sites.ffkarate.fr\/bourgognefranchecomte\/2022\/10\/27\/evenement-open-de-france-combats-noris\/","title":{"rendered":"Ev\u00e9nement Open de France combats NORIS"},"content":{"rendered":"<div class=\"wpb-content-wrapper\"><p>[vc_row][vc_column][vc_column_text]A l&rsquo;occasion de l&rsquo;\u00e9v\u00e9nement OPEN de France qui s&rsquo;est d\u00e9roul\u00e9 le 15-16 octobre \u00e0 Villebon, on veut f\u00e9liciter nos athl\u00e8tes de Bourgogne Franche-Comt\u00e9 pour leur belle performance.<\/p>\n<p><strong>Minime -40 kg Feminine\u00a0<\/strong><\/p>\n<p>ECHAMAA Maryam <i>Karat\u00e9 club Bethoncourt<\/i> &#8211; 7e place<span class=\"Apple-converted-space\">\u00a0<\/span><\/p>\n<p><strong>Minime -45 kg Feminine<\/strong><\/p>\n<p>TITOUAH Alaa <i>CLUB SAUVEGARDE VESOUL<\/i> &#8211; 7e place<span class=\"Apple-converted-space\">\u00a0<\/span><\/p>\n<p><strong>Minime 55+ kg Feminine<span class=\"Apple-converted-space\">\u00a0<\/span><\/strong><\/p>\n<p>BELLAFKIH Souhaila <i>Karat\u00e9 club Bethoncourt<\/i> &#8211; 7e place<span class=\"Apple-converted-space\">\u00a0<\/span><\/p>\n<p><strong>Minime -55 kg Masculin<\/strong><\/p>\n<p>MECHAI Haceyne <i>PLANOISE KARATE ACADEMY<\/i> &#8211; <strong>1e place<\/strong><\/p>\n<p><strong>Minime -60 kg Masculin<\/strong><\/p>\n<p>SIOUANE Wassim <i>Club SAUVEGARDE de Besancon<\/i> &#8211; <strong>1e place<\/strong><\/p>\n<p><strong>Cadet -57 kg Masculin<\/strong><\/p>\n<p>BOUDRIGA Bilel <i>CLUB SAUVEGARDE VESOUL<\/i> &#8211; 5e place<span class=\"Apple-converted-space\">\u00a0<\/span><\/p>\n<p>CHATELLE Ryan <i>A K D C &#8211; <\/i>5e place<span class=\"Apple-converted-space\">\u00a0<\/span><\/p>\n<p><strong>Cadet -63 kg Masculin<span class=\"Apple-converted-space\">\u00a0<\/span><\/strong><\/p>\n<p>HASSAINE Salah <i>KARATE CLUB BETHONCOURT &#8211; <\/i>5e place<span class=\"Apple-converted-space\">\u00a0<\/span><\/p>\n<p><strong>Cadet -70 kg Masculin<\/strong><\/p>\n<p>BERGOUG Mehdi <i>KARATE CLUB BETHONCOURT &#8211; <\/i>5e place<span class=\"Apple-converted-space\">\u00a0<\/span><\/p>\n<p><strong>Cadet 70 et + kg Masculin<\/strong><\/p>\n<p>AKGUN Muhammed Ali <i>CLUB SAUVEGARDE VESOUL<\/i> &#8211; <strong>2e place<\/strong><\/p>\n<p><strong>Junior -53 kg Feminine<span class=\"Apple-converted-space\">\u00a0<\/span><\/strong><\/p>\n<p>BOUDRIGA Emeni <i>Club SAUVEGARDE de Besancon &#8211; <\/i>5e place<\/p>\n<p><strong>Junior -59 kg Feminine<\/strong><\/p>\n<p>YUGO IMANE KOTIM <i>PLANOISE Karate Academy <\/i>&#8211; <strong>1e place<\/strong><\/p>\n<p><strong>Junior -55 kg Masculin<\/strong><\/p>\n<p>EL ASRAOUI Ilies <i>Club SAUVEGARDE de Besancon <\/i>&#8211; 5e place<span class=\"Apple-converted-space\">\u00a0<\/span><\/p>\n<p>MANSOURI Rayan Abdellah <i>Arts Martiaux de Chen\u00f4ve &#8211; <\/i>7e place<span class=\"Apple-converted-space\">\u00a0<\/span><\/p>\n<p><strong>Junior -68 kg Masculin<\/strong><\/p>\n<p>HIERSO Hairiss <i>Club SAUVEGARDE de Besancon <\/i>&#8211; <strong>3e place<\/strong><\/p>\n<p>TITOUAH Massinissa <i>Club SAUVEGARDE de Besancon <\/i>&#8211; 5e place<span class=\"Apple-converted-space\">\u00a0<\/span><\/p>\n<p>BENDIFALLAH Younes <i>Club SAUVEGARDE de Besancon <\/i>&#8211; 7e place<span class=\"Apple-converted-space\">\u00a0<\/span><\/p>\n<p><strong>Junior 76 et + kg Masculin<\/strong><\/p>\n<p>RAMI Haitham <i>Arts Martiaux de Chen\u00f4ve <\/i>&#8211; 5e place<span class=\"Apple-converted-space\">\u00a0<\/span><\/p>\n<p><strong>Senior -55 kg Feminine<\/strong><\/p>\n<p>SOULALIOU Laura <i>TREIGNY WADO KAI <\/i>&#8211; 7e place<span class=\"Apple-converted-space\">\u00a0<\/span><\/p>\n<p><strong>Senior 68 et + kg Feminine<\/strong><\/p>\n<p>PEA Cl\u00e9mence <i>A K D C <\/i>&#8211; <strong>1e place<span class=\"Apple-converted-space\">\u00a0<\/span><\/strong><\/p>\n<p>ROVELAS Bettylou <i>Club SAUVEGARDE de Besancon <\/i>&#8211; 5e place<span class=\"Apple-converted-space\">\u00a0<\/span><\/p>\n<p>HERRGOTT Laure <i>Club SAUVEGARDE de Besancon <\/i>&#8211; 7e place<span class=\"Apple-converted-space\">\u00a0<\/span><\/p>\n<p><strong>Senior -75 kg Masculin<\/strong><\/p>\n<p>SENE Abdourakhmane Moundor <i>Club SAUVEGARDE de Besancon <\/i>&#8211; <strong>2e place<\/strong><\/p>\n<p>&nbsp;<\/p>\n<p>Un grand merci \u00e0 tous ceux qui ont particip\u00e9 \u00e0 cette belle comp\u00e9tition nationale : les athl\u00e8tes, arbitres, coachs et organisateurs.[\/vc_column_text][\/vc_column][\/vc_row]<\/p>\n<\/div>","protected":false},"excerpt":{"rendered":"<p>[vc_row][vc_column][vc_column_text]A l&rsquo;occasion de l&rsquo;\u00e9v\u00e9nement OPEN de France qui s&rsquo;est d\u00e9roul\u00e9 le 15-16 octobre \u00e0 Villebon, on veut f\u00e9liciter nos athl\u00e8tes de Bourgogne Franche-Comt\u00e9 pour leur belle performance. Minime -40 kg Feminine\u00a0 ECHAMAA Maryam Karat\u00e9 club Bethoncourt &#8211; 7e place\u00a0 Minime -45 kg Feminine TITOUAH Alaa CLUB SAUVEGARDE VESOUL &#8211; 7e place\u00a0 Minime 55+ kg Feminine\u00a0 [&hellip;]<\/p>\n","protected":false},"author":201,"featured_media":3343,"comment_status":"closed","ping_status":"closed","sticky":false,"template":"","format":"standard","meta":{"footnotes":""},"categories":[1],"tags":[],"class_list":["post-3338","post","type-post","status-publish","format-standard","hentry","category-non-classe"],"_links":{"self":[{"href":"https:\/\/sites.ffkarate.fr\/bourgognefranchecomte\/wp-json\/wp\/v2\/posts\/3338","targetHints":{"allow":["GET"]}}],"collection":[{"href":"https:\/\/sites.ffkarate.fr\/bourgognefranchecomte\/wp-json\/wp\/v2\/posts"}],"about":[{"href":"https:\/\/sites.ffkarate.fr\/bourgognefranchecomte\/wp-json\/wp\/v2\/types\/post"}],"author":[{"embeddable":true,"href":"https:\/\/sites.ffkarate.fr\/bourgognefranchecomte\/wp-json\/wp\/v2\/users\/201"}],"replies":[{"embeddable":true,"href":"https:\/\/sites.ffkarate.fr\/bourgognefranchecomte\/wp-json\/wp\/v2\/comments?post=3338"}],"version-history":[{"count":4,"href":"https:\/\/sites.ffkarate.fr\/bourgognefranchecomte\/wp-json\/wp\/v2\/posts\/3338\/revisions"}],"predecessor-version":[{"id":3342,"href":"https:\/\/sites.ffkarate.fr\/bourgognefranchecomte\/wp-json\/wp\/v2\/posts\/3338\/revisions\/3342"}],"wp:featuredmedia":[{"embeddable":true,"href":"https:\/\/sites.ffkarate.fr\/bourgognefranchecomte\/wp-json\/wp\/v2\/media\/3343"}],"wp:attachment":[{"href":"https:\/\/sites.ffkarate.fr\/bourgognefranchecomte\/wp-json\/wp\/v2\/media?parent=3338"}],"wp:term":[{"taxonomy":"category","embeddable":true,"href":"https:\/\/sites.ffkarate.fr\/bourgognefranchecomte\/wp-json\/wp\/v2\/categories?post=3338"},{"taxonomy":"post_tag","embeddable":true,"href":"https:\/\/sites.ffkarate.fr\/bourgognefranchecomte\/wp-json\/wp\/v2\/tags?post=3338"}],"curies":[{"name":"wp","href":"https:\/\/api.w.org\/{rel}","templated":true}]}}