{"id":3503,"date":"2023-02-21T10:04:07","date_gmt":"2023-02-21T09:04:07","guid":{"rendered":"https:\/\/sites.ffkarate.fr\/bourgognefranchecomte\/?p=3503"},"modified":"2023-02-21T10:16:39","modified_gmt":"2023-02-21T09:16:39","slug":"retour-du-championnat-de-france-karate-mix-light-du-18-et-19-fevrier-2023","status":"publish","type":"post","link":"https:\/\/sites.ffkarate.fr\/bourgognefranchecomte\/2023\/02\/21\/retour-du-championnat-de-france-karate-mix-light-du-18-et-19-fevrier-2023\/","title":{"rendered":"Retour sur le Championnat de France Karat\u00e9 Mix Light du 18 et 19 f\u00e9vrier 2023"},"content":{"rendered":"<div class=\"wpb-content-wrapper\"><p>[vc_row][vc_column][vc_column_text][\/vc_column_text][vc_column_text]<\/p>\n<blockquote>\n<div dir=\"ltr\">\n<div class=\"gmail_quote\">\n<blockquote class=\"gmail_quote\">\n<div dir=\"auto\">\n<div>\n<blockquote>\n<div dir=\"ltr\">\n<div>RESULTATS :<\/div>\n<div><\/div>\n<div>Pour l&rsquo;<b>Acad\u00e9mie Octopus<\/b>\u00a0(Besan\u00e7on 25) nous avons envoy\u00e9 4 comp\u00e9titeurs :<\/div>\n<div>\n<ul>\n<li><b>Gilles FUMEY &#8211; Champion de France Karat\u00e9 Mix Light<\/b>\u00a0&#8211; S\u00e9nior -60 kg (4 combats tous gagn\u00e9s \u00e0 la soumission).<\/li>\n<li>Chlo\u00e9e NORIEGA-BORBOLLA &#8211; 3\u00e8me &#8211; S\u00e9nior -68 kg (2 combats).<\/li>\n<li>Samy HUYET-HAMIDI &#8211; 3\u00e8me &#8211; Junior -60 kg (2 combats).<\/li>\n<li>Pierre CAMOS &#8211; Non class\u00e9 &#8211; S\u00e9nior &#8211; 78 kg (perte de son 1er combat).<\/li>\n<\/ul>\n<div>Pour\u00a0<b>Kombat Xperience\/USC<\/b>\u00a0(Venarey-les-Laumes 21), 2 comp\u00e9titeurs :<\/div>\n<div>\n<ul>\n<li><b>Margaux GAUTHRON &#8211; Championne de France Karat\u00e9 Mix Light<\/b>\u00a0&#8211; Junior -65 kg.<\/li>\n<li>Nicolas MACAIRE &#8211; 3\u00e8me &#8211; V\u00e9t\u00e9ran -85 kg.<\/li>\n<\/ul>\n<div>Pour le\u00a0<b>Karatha\u00ef<\/b>\u00a0(Chalon-sur-Sa\u00f4ne 71), 2 comp\u00e9titeurs en Karat\u00e9 Mix le dimanche (version plein contact) :<\/div>\n<div>\n<ul>\n<li>Logan BIANCO &#8211; 3\u00e8me &#8211; S\u00e9nior -57 kg.<\/li>\n<li>Alexis MEROT &#8211; Non class\u00e9 &#8211; S\u00e9nior -66 kg.<\/li>\n<\/ul>\n<div>\n<p>A noter\u00a0 que l&rsquo;Acad\u00e9mie Octopus \u00e9tait bien repr\u00e9sent\u00e9e dans le corps arbitral ! Yannick HUG et Guillaume FAGNOU \u00e9taient sur les tableaux. Nous avons \u00e9galement C\u00e9dric COURTY, responsable national de l&rsquo;arbitrage Karat\u00e9 Mix et membre de la commission nationale qui a rejoint nos rangs.<\/p>\n<\/div>\n<div>Ainsi que Jean-Marc GOTTAR de l&rsquo;<b>ASVG Karat\u00e9<\/b> (89) qui lance sa section KMIX et a rejoint l&rsquo;arbitrage aussi. Un club suppl\u00e9mentaire sur la r\u00e9gion BFC.<\/div>\n<div><b>Un grand merci \u00e0 tous. Bravo aux athl\u00e8tes.<\/b><\/div>\n<div><img decoding=\"async\" class=\"alignnone size-medium wp-image-3510\" src=\"https:\/\/sites.ffkarate.fr\/bourgognefranchecomte\/wp-content\/uploads\/sites\/109\/2023\/02\/1.7-300x196.jpg\" alt=\"\" width=\"300\" height=\"196\" srcset=\"https:\/\/sites.ffkarate.fr\/bourgognefranchecomte\/wp-content\/uploads\/sites\/109\/2023\/02\/1.7-300x196.jpg 300w, https:\/\/sites.ffkarate.fr\/bourgognefranchecomte\/wp-content\/uploads\/sites\/109\/2023\/02\/1.7.jpg 640w\" sizes=\"(max-width: 300px) 100vw, 300px\" \/><img decoding=\"async\" class=\"alignnone size-medium wp-image-3509\" src=\"https:\/\/sites.ffkarate.fr\/bourgognefranchecomte\/wp-content\/uploads\/sites\/109\/2023\/02\/1.6-300x195.jpg\" alt=\"\" width=\"300\" height=\"195\" srcset=\"https:\/\/sites.ffkarate.fr\/bourgognefranchecomte\/wp-content\/uploads\/sites\/109\/2023\/02\/1.6-300x195.jpg 300w, https:\/\/sites.ffkarate.fr\/bourgognefranchecomte\/wp-content\/uploads\/sites\/109\/2023\/02\/1.6-1024x667.jpg 1024w, https:\/\/sites.ffkarate.fr\/bourgognefranchecomte\/wp-content\/uploads\/sites\/109\/2023\/02\/1.6-768x500.jpg 768w, https:\/\/sites.ffkarate.fr\/bourgognefranchecomte\/wp-content\/uploads\/sites\/109\/2023\/02\/1.6.jpg 1280w\" sizes=\"(max-width: 300px) 100vw, 300px\" \/><img decoding=\"async\" class=\"alignnone size-medium wp-image-3508\" src=\"https:\/\/sites.ffkarate.fr\/bourgognefranchecomte\/wp-content\/uploads\/sites\/109\/2023\/02\/1.5-300x195.jpg\" alt=\"\" width=\"300\" height=\"195\" srcset=\"https:\/\/sites.ffkarate.fr\/bourgognefranchecomte\/wp-content\/uploads\/sites\/109\/2023\/02\/1.5-300x195.jpg 300w, https:\/\/sites.ffkarate.fr\/bourgognefranchecomte\/wp-content\/uploads\/sites\/109\/2023\/02\/1.5-1024x667.jpg 1024w, https:\/\/sites.ffkarate.fr\/bourgognefranchecomte\/wp-content\/uploads\/sites\/109\/2023\/02\/1.5-768x500.jpg 768w, https:\/\/sites.ffkarate.fr\/bourgognefranchecomte\/wp-content\/uploads\/sites\/109\/2023\/02\/1.5.jpg 1280w\" sizes=\"(max-width: 300px) 100vw, 300px\" \/><img decoding=\"async\" class=\"alignnone size-medium wp-image-3507\" src=\"https:\/\/sites.ffkarate.fr\/bourgognefranchecomte\/wp-content\/uploads\/sites\/109\/2023\/02\/1.4-300x195.jpg\" alt=\"\" width=\"300\" height=\"195\" srcset=\"https:\/\/sites.ffkarate.fr\/bourgognefranchecomte\/wp-content\/uploads\/sites\/109\/2023\/02\/1.4-300x195.jpg 300w, https:\/\/sites.ffkarate.fr\/bourgognefranchecomte\/wp-content\/uploads\/sites\/109\/2023\/02\/1.4-1024x667.jpg 1024w, https:\/\/sites.ffkarate.fr\/bourgognefranchecomte\/wp-content\/uploads\/sites\/109\/2023\/02\/1.4-768x500.jpg 768w, https:\/\/sites.ffkarate.fr\/bourgognefranchecomte\/wp-content\/uploads\/sites\/109\/2023\/02\/1.4.jpg 1280w\" sizes=\"(max-width: 300px) 100vw, 300px\" \/><img decoding=\"async\" class=\"alignnone size-medium wp-image-3506\" src=\"https:\/\/sites.ffkarate.fr\/bourgognefranchecomte\/wp-content\/uploads\/sites\/109\/2023\/02\/1.3-300x195.jpg\" alt=\"\" width=\"300\" height=\"195\" srcset=\"https:\/\/sites.ffkarate.fr\/bourgognefranchecomte\/wp-content\/uploads\/sites\/109\/2023\/02\/1.3-300x195.jpg 300w, https:\/\/sites.ffkarate.fr\/bourgognefranchecomte\/wp-content\/uploads\/sites\/109\/2023\/02\/1.3-1024x667.jpg 1024w, https:\/\/sites.ffkarate.fr\/bourgognefranchecomte\/wp-content\/uploads\/sites\/109\/2023\/02\/1.3-768x500.jpg 768w, https:\/\/sites.ffkarate.fr\/bourgognefranchecomte\/wp-content\/uploads\/sites\/109\/2023\/02\/1.3.jpg 1280w\" sizes=\"(max-width: 300px) 100vw, 300px\" \/><img decoding=\"async\" class=\"alignnone size-medium wp-image-3505\" src=\"https:\/\/sites.ffkarate.fr\/bourgognefranchecomte\/wp-content\/uploads\/sites\/109\/2023\/02\/1.2-300x225.jpg\" alt=\"\" width=\"300\" height=\"225\" srcset=\"https:\/\/sites.ffkarate.fr\/bourgognefranchecomte\/wp-content\/uploads\/sites\/109\/2023\/02\/1.2-300x225.jpg 300w, https:\/\/sites.ffkarate.fr\/bourgognefranchecomte\/wp-content\/uploads\/sites\/109\/2023\/02\/1.2-1024x768.jpg 1024w, https:\/\/sites.ffkarate.fr\/bourgognefranchecomte\/wp-content\/uploads\/sites\/109\/2023\/02\/1.2-768x576.jpg 768w, https:\/\/sites.ffkarate.fr\/bourgognefranchecomte\/wp-content\/uploads\/sites\/109\/2023\/02\/1.2-400x300.jpg 400w, https:\/\/sites.ffkarate.fr\/bourgognefranchecomte\/wp-content\/uploads\/sites\/109\/2023\/02\/1.2.jpg 1280w\" sizes=\"(max-width: 300px) 100vw, 300px\" \/><img decoding=\"async\" class=\"alignnone size-medium wp-image-3504\" src=\"https:\/\/sites.ffkarate.fr\/bourgognefranchecomte\/wp-content\/uploads\/sites\/109\/2023\/02\/1.1-300x195.jpg\" alt=\"\" width=\"300\" height=\"195\" srcset=\"https:\/\/sites.ffkarate.fr\/bourgognefranchecomte\/wp-content\/uploads\/sites\/109\/2023\/02\/1.1-300x195.jpg 300w, https:\/\/sites.ffkarate.fr\/bourgognefranchecomte\/wp-content\/uploads\/sites\/109\/2023\/02\/1.1-1024x667.jpg 1024w, https:\/\/sites.ffkarate.fr\/bourgognefranchecomte\/wp-content\/uploads\/sites\/109\/2023\/02\/1.1-768x500.jpg 768w, https:\/\/sites.ffkarate.fr\/bourgognefranchecomte\/wp-content\/uploads\/sites\/109\/2023\/02\/1.1.jpg 1280w\" sizes=\"(max-width: 300px) 100vw, 300px\" \/><\/div>\n<\/div>\n<\/div>\n<\/div>\n<\/div>\n<\/blockquote>\n<\/div>\n<\/div>\n<\/blockquote>\n<\/div>\n<\/div>\n<\/blockquote>\n<p>[\/vc_column_text][\/vc_column][\/vc_row]<\/p>\n<\/div>","protected":false},"excerpt":{"rendered":"<p>[vc_row][vc_column][vc_column_text][\/vc_column_text][vc_column_text] RESULTATS : Pour l&rsquo;Acad\u00e9mie Octopus\u00a0(Besan\u00e7on 25) nous avons envoy\u00e9 4 comp\u00e9titeurs : Gilles FUMEY &#8211; Champion de France Karat\u00e9 Mix Light\u00a0&#8211; S\u00e9nior -60 kg (4 combats tous gagn\u00e9s \u00e0 la soumission). Chlo\u00e9e NORIEGA-BORBOLLA &#8211; 3\u00e8me &#8211; S\u00e9nior -68 kg (2 combats). Samy HUYET-HAMIDI &#8211; 3\u00e8me &#8211; Junior -60 kg (2 combats). Pierre CAMOS &#8211; [&hellip;]<\/p>\n","protected":false},"author":201,"featured_media":0,"comment_status":"closed","ping_status":"closed","sticky":false,"template":"","format":"standard","meta":{"footnotes":""},"categories":[1],"tags":[],"class_list":["post-3503","post","type-post","status-publish","format-standard","hentry","category-non-classe"],"_links":{"self":[{"href":"https:\/\/sites.ffkarate.fr\/bourgognefranchecomte\/wp-json\/wp\/v2\/posts\/3503","targetHints":{"allow":["GET"]}}],"collection":[{"href":"https:\/\/sites.ffkarate.fr\/bourgognefranchecomte\/wp-json\/wp\/v2\/posts"}],"about":[{"href":"https:\/\/sites.ffkarate.fr\/bourgognefranchecomte\/wp-json\/wp\/v2\/types\/post"}],"author":[{"embeddable":true,"href":"https:\/\/sites.ffkarate.fr\/bourgognefranchecomte\/wp-json\/wp\/v2\/users\/201"}],"replies":[{"embeddable":true,"href":"https:\/\/sites.ffkarate.fr\/bourgognefranchecomte\/wp-json\/wp\/v2\/comments?post=3503"}],"version-history":[{"count":5,"href":"https:\/\/sites.ffkarate.fr\/bourgognefranchecomte\/wp-json\/wp\/v2\/posts\/3503\/revisions"}],"predecessor-version":[{"id":3515,"href":"https:\/\/sites.ffkarate.fr\/bourgognefranchecomte\/wp-json\/wp\/v2\/posts\/3503\/revisions\/3515"}],"wp:attachment":[{"href":"https:\/\/sites.ffkarate.fr\/bourgognefranchecomte\/wp-json\/wp\/v2\/media?parent=3503"}],"wp:term":[{"taxonomy":"category","embeddable":true,"href":"https:\/\/sites.ffkarate.fr\/bourgognefranchecomte\/wp-json\/wp\/v2\/categories?post=3503"},{"taxonomy":"post_tag","embeddable":true,"href":"https:\/\/sites.ffkarate.fr\/bourgognefranchecomte\/wp-json\/wp\/v2\/tags?post=3503"}],"curies":[{"name":"wp","href":"https:\/\/api.w.org\/{rel}","templated":true}]}}