{"id":6214,"date":"2026-08-31T19:14:09","date_gmt":"2026-08-31T17:14:09","guid":{"rendered":"https:\/\/sites.ffkarate.fr\/bourgognefranchecomte\/?p=6214"},"modified":"2026-08-31T19:14:09","modified_gmt":"2026-08-31T17:14:09","slug":"un-combat-pour-la-difference","status":"publish","type":"post","link":"https:\/\/sites.ffkarate.fr\/bourgognefranchecomte\/2026\/08\/31\/un-combat-pour-la-difference\/","title":{"rendered":"Un combat pour la diff\u00e9rence"},"content":{"rendered":"<div class=\"wpb-content-wrapper\"><p>[vc_row][vc_column][vc_column_text]<\/p>\n<div>Comme chaque ann\u00e9e depuis maintenant cinq ans, le club ISLK de Fleury-la-Vall\u00e9e organise, en partenariat avec la Ligue R\u00e9gionale Bourgogne\u2013Franche-Comt\u00e9, un stage de karat\u00e9 traditionnel. L\u2019\u00e9dition 2026 s\u2019est d\u00e9roul\u00e9e le 6 juin dans une ambiance conviviale et solidaire.<\/div>\n<div>\n<p class=\"p1\">\u00c0 cette occasion, nous sommes fiers d\u2019annoncer que Franck CHEVALIER, pr\u00e9sident, professeur du club ISLK et membre du comit\u00e9 directeur, a remis un ch\u00e8que de\u00a0<strong><span class=\"s1\">1 000,00 \u20ac<\/span><\/strong>\u00a0\u00e0 l\u2019association\u00a0<span class=\"s1\"><b>\u00ab <\/b><strong>Un Combat pour la Diff\u00e9rence<\/strong><b> \u00bb<\/b><\/span>, repr\u00e9sent\u00e9e par son pr\u00e9sident, Christophe BERRY.<\/p>\n<p class=\"p1\">Cette association \u0153uvre en faveur des enfants en situation de handicap ou de polyhandicap en soutenant l\u2019achat de mat\u00e9riel m\u00e9dical et en participant au financement d\u2019am\u00e9nagements indispensables au domicile des familles.<\/p>\n<p class=\"p1\">Ce don, pr\u00e9lev\u00e9 sur les recettes du stage, t\u00e9moigne une nouvelle fois des valeurs de solidarit\u00e9, de partage et d\u2019entraide port\u00e9es par les karat\u00e9kas.<\/p>\n<p class=\"p2\">Un immense merci \u00e0 tous les participants pour leur g\u00e9n\u00e9rosit\u00e9 et leur engagement au service de cette cause inclusive. Ensemble, nous d\u00e9montrons que le karat\u00e9 est bien plus qu\u2019une discipline sportive : il est aussi un formidable vecteur de solidarit\u00e9 !<\/p>\n<p class=\"p2\">\ud83d\udc4f\ud83e\udd4b<\/p>\n<\/div>\n<p>[\/vc_column_text][vc_row_inner][vc_column_inner width=\u00a0\u00bb1\/3&Prime;][\/vc_column_inner][vc_column_inner width=\u00a0\u00bb1\/3&Prime;][vc_single_image image=\u00a0\u00bb5964&Prime;][\/vc_column_inner][vc_column_inner width=\u00a0\u00bb1\/3&Prime;][\/vc_column_inner][\/vc_row_inner][\/vc_column][\/vc_row]<\/p>\n<\/div>","protected":false},"excerpt":{"rendered":"<p>[vc_row][vc_column][vc_column_text] Comme chaque ann\u00e9e depuis maintenant cinq ans, le club ISLK de Fleury-la-Vall\u00e9e organise, en partenariat avec la Ligue R\u00e9gionale Bourgogne\u2013Franche-Comt\u00e9, un stage de karat\u00e9 traditionnel. L\u2019\u00e9dition 2026 s\u2019est d\u00e9roul\u00e9e le 6 juin dans une ambiance conviviale et solidaire. \u00c0 cette occasion, nous sommes fiers d\u2019annoncer que Franck CHEVALIER, pr\u00e9sident, professeur du club ISLK et [&hellip;]<\/p>\n","protected":false},"author":201,"featured_media":6215,"comment_status":"open","ping_status":"open","sticky":false,"template":"","format":"standard","meta":{"footnotes":""},"categories":[1],"tags":[],"class_list":["post-6214","post","type-post","status-publish","format-standard","hentry","category-non-classe"],"_links":{"self":[{"href":"https:\/\/sites.ffkarate.fr\/bourgognefranchecomte\/wp-json\/wp\/v2\/posts\/6214","targetHints":{"allow":["GET"]}}],"collection":[{"href":"https:\/\/sites.ffkarate.fr\/bourgognefranchecomte\/wp-json\/wp\/v2\/posts"}],"about":[{"href":"https:\/\/sites.ffkarate.fr\/bourgognefranchecomte\/wp-json\/wp\/v2\/types\/post"}],"author":[{"embeddable":true,"href":"https:\/\/sites.ffkarate.fr\/bourgognefranchecomte\/wp-json\/wp\/v2\/users\/201"}],"replies":[{"embeddable":true,"href":"https:\/\/sites.ffkarate.fr\/bourgognefranchecomte\/wp-json\/wp\/v2\/comments?post=6214"}],"version-history":[{"count":2,"href":"https:\/\/sites.ffkarate.fr\/bourgognefranchecomte\/wp-json\/wp\/v2\/posts\/6214\/revisions"}],"predecessor-version":[{"id":6217,"href":"https:\/\/sites.ffkarate.fr\/bourgognefranchecomte\/wp-json\/wp\/v2\/posts\/6214\/revisions\/6217"}],"wp:featuredmedia":[{"embeddable":true,"href":"https:\/\/sites.ffkarate.fr\/bourgognefranchecomte\/wp-json\/wp\/v2\/media\/6215"}],"wp:attachment":[{"href":"https:\/\/sites.ffkarate.fr\/bourgognefranchecomte\/wp-json\/wp\/v2\/media?parent=6214"}],"wp:term":[{"taxonomy":"category","embeddable":true,"href":"https:\/\/sites.ffkarate.fr\/bourgognefranchecomte\/wp-json\/wp\/v2\/categories?post=6214"},{"taxonomy":"post_tag","embeddable":true,"href":"https:\/\/sites.ffkarate.fr\/bourgognefranchecomte\/wp-json\/wp\/v2\/tags?post=6214"}],"curies":[{"name":"wp","href":"https:\/\/api.w.org\/{rel}","templated":true}]}}