{"id":6643,"date":"2026-09-01T22:22:14","date_gmt":"2026-09-01T20:22:14","guid":{"rendered":"https:\/\/sites.ffkarate.fr\/calvados\/?p=6643"},"modified":"2026-09-01T22:23:25","modified_gmt":"2026-09-01T20:23:25","slug":"appel-a-candidature-responsable-darbitrage","status":"publish","type":"post","link":"https:\/\/sites.ffkarate.fr\/calvados\/2026\/09\/01\/appel-a-candidature-responsable-darbitrage\/","title":{"rendered":"APPEL A CANDIDATURE RESPONSABLE D&rsquo;ARBITRAGE"},"content":{"rendered":"<div class=\"wpb-content-wrapper\"><p>[vc_row][vc_column][vc_column_text]Suite \u00e0 la vacance du poste, nous lan\u00e7ons \u00a0un appel \u00e0 candidature \u00a0pour le poste de :<\/p>\n<p><strong><u>Responsable d\u00e9partemental de l&rsquo;arbitrage<\/u><\/strong> qui sera nomm\u00e9 par la DTN sur proposition du DTD.<\/p>\n<p>Le responsable d\u00e9partemental de l&rsquo;arbitrage est licenci\u00e9 \u00e0 la F\u00e9d\u00e9ration et est au minimum arbitre de ligue.<\/p>\n<p>Les candidatures (lettre de motivation, CV,\u00a0 projet, Dipl\u00f4mes)\u00a0 seront re\u00e7ues <strong><u>jusqu&rsquo;au 20 Septembre 2026<\/u><\/strong> :<\/p>\n<p>De pr\u00e9f\u00e9rence par mail :\u00a0 <strong>cdk14@live.fr<\/strong><\/p>\n<p>Sinon :<\/p>\n<p>A l&rsquo;adresse du Pr\u00e9sident actuel :\u00a0 PITHON Anni\u00a0\u00a0 28, rue du G\u00e9n\u00e9ral de Gaulle\u00a0\u00a0 14290\u00a0 Orbec<\/p>\n<p>Ou au si\u00e8ge social :\u00a0 CDK 14, Maison d\u00e9partementale des sports, 5 rue Guyon de Guercheville, 14200 H\u00e9rouville Saint Clair<\/p>\n<p>&nbsp;<\/p>\n<p>Si ce poste vous int\u00e9resse, n&rsquo;h\u00e9sitez pas \u00e0 postuler<\/p>\n<p>Dans l&rsquo;attente de recevoir vos candidatures, je vous adresse mes amiti\u00e9s sportives<\/p>\n<p>&nbsp;<\/p>\n<p>Anni PITHON, pr\u00e9sident du CDK14<img decoding=\"async\" class=\"alignnone size-medium wp-image-6644\" src=\"https:\/\/sites.ffkarate.fr\/calvados\/wp-content\/uploads\/sites\/31\/2026\/09\/Appel-a-candidature-240x300.jpg\" alt=\"\" width=\"240\" height=\"300\" srcset=\"https:\/\/sites.ffkarate.fr\/calvados\/wp-content\/uploads\/sites\/31\/2026\/09\/Appel-a-candidature-240x300.jpg 240w, https:\/\/sites.ffkarate.fr\/calvados\/wp-content\/uploads\/sites\/31\/2026\/09\/Appel-a-candidature-819x1024.jpg 819w, https:\/\/sites.ffkarate.fr\/calvados\/wp-content\/uploads\/sites\/31\/2026\/09\/Appel-a-candidature-768x960.jpg 768w, https:\/\/sites.ffkarate.fr\/calvados\/wp-content\/uploads\/sites\/31\/2026\/09\/Appel-a-candidature.jpg 1080w\" sizes=\"(max-width: 240px) 100vw, 240px\" \/>[\/vc_column_text][\/vc_column][\/vc_row]<\/p>\n<\/div>","protected":false},"excerpt":{"rendered":"<p>[vc_row][vc_column][vc_column_text]Suite \u00e0 la vacance du poste, nous lan\u00e7ons \u00a0un appel \u00e0 candidature \u00a0pour le poste de : Responsable d\u00e9partemental de l&rsquo;arbitrage qui sera nomm\u00e9 par la DTN sur proposition du DTD. Le responsable d\u00e9partemental de l&rsquo;arbitrage est licenci\u00e9 \u00e0 la F\u00e9d\u00e9ration et est au minimum arbitre de ligue. Les candidatures (lettre de motivation, CV,\u00a0 projet, [&hellip;]<\/p>\n","protected":false},"author":43,"featured_media":6644,"comment_status":"open","ping_status":"open","sticky":false,"template":"","format":"standard","meta":{"footnotes":""},"categories":[1,13],"tags":[],"class_list":["post-6643","post","type-post","status-publish","format-standard","hentry","category-non-classe","category-institutionnel"],"_links":{"self":[{"href":"https:\/\/sites.ffkarate.fr\/calvados\/wp-json\/wp\/v2\/posts\/6643","targetHints":{"allow":["GET"]}}],"collection":[{"href":"https:\/\/sites.ffkarate.fr\/calvados\/wp-json\/wp\/v2\/posts"}],"about":[{"href":"https:\/\/sites.ffkarate.fr\/calvados\/wp-json\/wp\/v2\/types\/post"}],"author":[{"embeddable":true,"href":"https:\/\/sites.ffkarate.fr\/calvados\/wp-json\/wp\/v2\/users\/43"}],"replies":[{"embeddable":true,"href":"https:\/\/sites.ffkarate.fr\/calvados\/wp-json\/wp\/v2\/comments?post=6643"}],"version-history":[{"count":2,"href":"https:\/\/sites.ffkarate.fr\/calvados\/wp-json\/wp\/v2\/posts\/6643\/revisions"}],"predecessor-version":[{"id":6646,"href":"https:\/\/sites.ffkarate.fr\/calvados\/wp-json\/wp\/v2\/posts\/6643\/revisions\/6646"}],"wp:featuredmedia":[{"embeddable":true,"href":"https:\/\/sites.ffkarate.fr\/calvados\/wp-json\/wp\/v2\/media\/6644"}],"wp:attachment":[{"href":"https:\/\/sites.ffkarate.fr\/calvados\/wp-json\/wp\/v2\/media?parent=6643"}],"wp:term":[{"taxonomy":"category","embeddable":true,"href":"https:\/\/sites.ffkarate.fr\/calvados\/wp-json\/wp\/v2\/categories?post=6643"},{"taxonomy":"post_tag","embeddable":true,"href":"https:\/\/sites.ffkarate.fr\/calvados\/wp-json\/wp\/v2\/tags?post=6643"}],"curies":[{"name":"wp","href":"https:\/\/api.w.org\/{rel}","templated":true}]}}