{"id":1853,"date":"2021-06-07T18:48:51","date_gmt":"2021-06-07T16:48:51","guid":{"rendered":"https:\/\/sites.ffkarate.fr\/cdkcotesdarmor\/?p=1853"},"modified":"2021-06-07T19:13:01","modified_gmt":"2021-06-07T17:13:01","slug":"stage-de-self-defense-en-exterieur-dimanche-13-juin-2021","status":"publish","type":"post","link":"https:\/\/sites.ffkarate.fr\/cdkcotesdarmor\/2021\/06\/07\/stage-de-self-defense-en-exterieur-dimanche-13-juin-2021\/","title":{"rendered":"Stage de Self D\u00e9fense en ext\u00e9rieur Dimanche 13 juin 2021"},"content":{"rendered":"<div class=\"wpb-content-wrapper\"><p>[vc_row][vc_column][vc_column_text]La section Nihon Tai Jitsu de l&rsquo;Ecole Pl\u00e9rinaise d&rsquo;Arts Martiaux organise le dimanche 13 juin un stage de Self D\u00e9fense <strong>en ext\u00e9rieur.\u00a0<\/strong><\/p>\n<p>Le stage aura lieu sur le terrain d&rsquo;athl\u00e9tisme du Coll\u00e8ge L\u00e9quier 1 rue du Gymnase 22190 Pl\u00e9rin<\/p>\n<p>Ouvert aux pratiquants \u00e0 partir de 11 ans.<\/p>\n<p>Contact : Jean-Pierre Hamon 06 10 52 65 62<\/p>\n<p>ou\u00a0 inscriptions par mail :<\/p>\n<p>epam.ntj@gmail.com[\/vc_column_text][\/vc_column][\/vc_row]<\/p>\n<\/div>","protected":false},"excerpt":{"rendered":"<p>[vc_row][vc_column][vc_column_text]La section Nihon Tai Jitsu de l&rsquo;Ecole Pl\u00e9rinaise d&rsquo;Arts Martiaux organise le dimanche 13 juin un stage de Self D\u00e9fense en ext\u00e9rieur.\u00a0 Le stage aura lieu sur le terrain d&rsquo;athl\u00e9tisme du Coll\u00e8ge L\u00e9quier 1 rue du Gymnase 22190 Pl\u00e9rin Ouvert aux pratiquants \u00e0 partir de 11 ans. Contact : Jean-Pierre Hamon 06 10 52 65 [&hellip;]<\/p>\n","protected":false},"author":64,"featured_media":1855,"comment_status":"closed","ping_status":"closed","sticky":false,"template":"","format":"standard","meta":{"footnotes":""},"categories":[1],"tags":[],"class_list":["post-1853","post","type-post","status-publish","format-standard","hentry","category-non-classe"],"_links":{"self":[{"href":"https:\/\/sites.ffkarate.fr\/cdkcotesdarmor\/wp-json\/wp\/v2\/posts\/1853","targetHints":{"allow":["GET"]}}],"collection":[{"href":"https:\/\/sites.ffkarate.fr\/cdkcotesdarmor\/wp-json\/wp\/v2\/posts"}],"about":[{"href":"https:\/\/sites.ffkarate.fr\/cdkcotesdarmor\/wp-json\/wp\/v2\/types\/post"}],"author":[{"embeddable":true,"href":"https:\/\/sites.ffkarate.fr\/cdkcotesdarmor\/wp-json\/wp\/v2\/users\/64"}],"replies":[{"embeddable":true,"href":"https:\/\/sites.ffkarate.fr\/cdkcotesdarmor\/wp-json\/wp\/v2\/comments?post=1853"}],"version-history":[{"count":4,"href":"https:\/\/sites.ffkarate.fr\/cdkcotesdarmor\/wp-json\/wp\/v2\/posts\/1853\/revisions"}],"predecessor-version":[{"id":1862,"href":"https:\/\/sites.ffkarate.fr\/cdkcotesdarmor\/wp-json\/wp\/v2\/posts\/1853\/revisions\/1862"}],"wp:featuredmedia":[{"embeddable":true,"href":"https:\/\/sites.ffkarate.fr\/cdkcotesdarmor\/wp-json\/wp\/v2\/media\/1855"}],"wp:attachment":[{"href":"https:\/\/sites.ffkarate.fr\/cdkcotesdarmor\/wp-json\/wp\/v2\/media?parent=1853"}],"wp:term":[{"taxonomy":"category","embeddable":true,"href":"https:\/\/sites.ffkarate.fr\/cdkcotesdarmor\/wp-json\/wp\/v2\/categories?post=1853"},{"taxonomy":"post_tag","embeddable":true,"href":"https:\/\/sites.ffkarate.fr\/cdkcotesdarmor\/wp-json\/wp\/v2\/tags?post=1853"}],"curies":[{"name":"wp","href":"https:\/\/api.w.org\/{rel}","templated":true}]}}