{"id":1978,"date":"2021-11-29T19:32:12","date_gmt":"2021-11-29T18:32:12","guid":{"rendered":"https:\/\/sites.ffkarate.fr\/cdkcotesdarmor\/?p=1978"},"modified":"2021-11-29T19:33:22","modified_gmt":"2021-11-29T18:33:22","slug":"des-professeurs-investis-pour-le-wushu-dans-le-departement-et-des-stagiaires-ravis","status":"publish","type":"post","link":"https:\/\/sites.ffkarate.fr\/cdkcotesdarmor\/2021\/11\/29\/des-professeurs-investis-pour-le-wushu-dans-le-departement-et-des-stagiaires-ravis\/","title":{"rendered":"Des professeurs investis pour le Wushu dans le d\u00e9partement et des stagiaires ravis"},"content":{"rendered":"<div class=\"wpb-content-wrapper\"><p>[vc_row][vc_column][vc_column_text]Le dimanche 28 novembre la section Wushu de l&rsquo;E.P.A.M recevait au dojo Robert\u00a0 Moy 4 professeurs costarmoricains qui ont r\u00e9unis leurs comp\u00e9tences pour un stage d\u00e9di\u00e9 aux\u00a0 Tuishou (travail de pouss\u00e9es de mains) .\u00a0 Les \u00e9l\u00e8ves ont \u00e9galement pu b\u00e9n\u00e9ficier d&rsquo;une d\u00e9monstration de ce qui est attendu \u00e0 certaines \u00e9preuves du 1er Duan.<\/p>\n<p>Bravo aux 4\u00a0 professeurs pour cette initiative\u00a0 :<\/p>\n<ul>\n<li>Herv\u00e9 DENIS\u00a0 \u00a0 \u00a04\u00e8me Duan Ecole Pl\u00e9rinaise d&rsquo;Arts Martiaux et La Voie du Tao\u00a0 \u00a0Pl\u00e9rin<\/li>\n<li>Christian BRIAND\u00a0 3\u00e8me Duan Arts et Energie Taichi Chuan\u00a0 \u00a0Pl\u00e9my<\/li>\n<li>Michel REJICHI\u00a0 3\u00e8me Duan Shen Kataolu Dojo Belle Isle en Terre<\/li>\n<li>Annie BLOSSE\u00a0 1er\u00a0 Duan\u00a0 Ecole Pl\u00e9rinaise d&rsquo;Arts Martiaux<\/li>\n<\/ul>\n<p>Et merci \u00e0 l&rsquo;EPAM pour l&rsquo;accueil r\u00e9serv\u00e9 aux 30 stagiaires.<\/p>\n<p><img decoding=\"async\" class=\"alignnone size-medium wp-image-1981\" src=\"https:\/\/sites.ffkarate.fr\/cdkcotesdarmor\/wp-content\/uploads\/sites\/36\/2021\/11\/Wushu-2021-11-28-1-225x300.jpg\" alt=\"\" width=\"225\" height=\"300\" srcset=\"https:\/\/sites.ffkarate.fr\/cdkcotesdarmor\/wp-content\/uploads\/sites\/36\/2021\/11\/Wushu-2021-11-28-1-225x300.jpg 225w, https:\/\/sites.ffkarate.fr\/cdkcotesdarmor\/wp-content\/uploads\/sites\/36\/2021\/11\/Wushu-2021-11-28-1.jpg 720w\" sizes=\"(max-width: 225px) 100vw, 225px\" \/>[\/vc_column_text][\/vc_column][\/vc_row]<\/p>\n<\/div>","protected":false},"excerpt":{"rendered":"<p>[vc_row][vc_column][vc_column_text]Le dimanche 28 novembre la section Wushu de l&rsquo;E.P.A.M recevait au dojo Robert\u00a0 Moy 4 professeurs costarmoricains qui ont r\u00e9unis leurs comp\u00e9tences pour un stage d\u00e9di\u00e9 aux\u00a0 Tuishou (travail de pouss\u00e9es de mains) .\u00a0 Les \u00e9l\u00e8ves ont \u00e9galement pu b\u00e9n\u00e9ficier d&rsquo;une d\u00e9monstration de ce qui est attendu \u00e0 certaines \u00e9preuves du 1er Duan. Bravo aux [&hellip;]<\/p>\n","protected":false},"author":64,"featured_media":1980,"comment_status":"closed","ping_status":"closed","sticky":false,"template":"","format":"standard","meta":{"footnotes":""},"categories":[1,20],"tags":[],"class_list":["post-1978","post","type-post","status-publish","format-standard","hentry","category-non-classe","category-wushu"],"_links":{"self":[{"href":"https:\/\/sites.ffkarate.fr\/cdkcotesdarmor\/wp-json\/wp\/v2\/posts\/1978","targetHints":{"allow":["GET"]}}],"collection":[{"href":"https:\/\/sites.ffkarate.fr\/cdkcotesdarmor\/wp-json\/wp\/v2\/posts"}],"about":[{"href":"https:\/\/sites.ffkarate.fr\/cdkcotesdarmor\/wp-json\/wp\/v2\/types\/post"}],"author":[{"embeddable":true,"href":"https:\/\/sites.ffkarate.fr\/cdkcotesdarmor\/wp-json\/wp\/v2\/users\/64"}],"replies":[{"embeddable":true,"href":"https:\/\/sites.ffkarate.fr\/cdkcotesdarmor\/wp-json\/wp\/v2\/comments?post=1978"}],"version-history":[{"count":4,"href":"https:\/\/sites.ffkarate.fr\/cdkcotesdarmor\/wp-json\/wp\/v2\/posts\/1978\/revisions"}],"predecessor-version":[{"id":1984,"href":"https:\/\/sites.ffkarate.fr\/cdkcotesdarmor\/wp-json\/wp\/v2\/posts\/1978\/revisions\/1984"}],"wp:featuredmedia":[{"embeddable":true,"href":"https:\/\/sites.ffkarate.fr\/cdkcotesdarmor\/wp-json\/wp\/v2\/media\/1980"}],"wp:attachment":[{"href":"https:\/\/sites.ffkarate.fr\/cdkcotesdarmor\/wp-json\/wp\/v2\/media?parent=1978"}],"wp:term":[{"taxonomy":"category","embeddable":true,"href":"https:\/\/sites.ffkarate.fr\/cdkcotesdarmor\/wp-json\/wp\/v2\/categories?post=1978"},{"taxonomy":"post_tag","embeddable":true,"href":"https:\/\/sites.ffkarate.fr\/cdkcotesdarmor\/wp-json\/wp\/v2\/tags?post=1978"}],"curies":[{"name":"wp","href":"https:\/\/api.w.org\/{rel}","templated":true}]}}