{"id":2033,"date":"2021-12-22T19:09:41","date_gmt":"2021-12-22T18:09:41","guid":{"rendered":"https:\/\/sites.ffkarate.fr\/cdkcotesdarmor\/?p=2033"},"modified":"2021-12-22T19:09:55","modified_gmt":"2021-12-22T18:09:55","slug":"formation-dinstructeur-federal-dif","status":"publish","type":"post","link":"https:\/\/sites.ffkarate.fr\/cdkcotesdarmor\/2021\/12\/22\/formation-dinstructeur-federal-dif\/","title":{"rendered":"FORMATION D&rsquo;INSTRUCTEUR FEDERAL (DIF)"},"content":{"rendered":"<div class=\"wpb-content-wrapper\"><p>[vc_row][vc_column][vc_column_text]Depuis cette saison 2021\/2022, la F\u00e9d\u00e9ration a d\u00e9l\u00e9gu\u00e9 aux Comit\u00e9s D\u00e9partementaux l&rsquo;organisation de la formation au Dipl\u00f4me d&rsquo;Instructeur F\u00e9d\u00e9ral.<\/p>\n<p>Auparavant la formation \u00e9tait assur\u00e9e par la Ligue Bretagne.<\/p>\n<p>L&rsquo;\u00e9quipe du Comit\u00e9 D\u00e9partemental 22\u00a0 pourrait assurer cette formation \u00e9tal\u00e9e sur 3 week-ends et une journ\u00e9e compl\u00e8te\u00a0 d\u00e8s lors qu&rsquo;elle disposerait de plusieurs\u00a0 candidats.<\/p>\n<p>Les personnes int\u00e9ress\u00e9es peuvent se rapprocher du Pr\u00e9sident Michel PETAGNA<\/p>\n<p>mail\u00a0 :\u00a0 presidentcdkda22@gmail.fr<\/p>\n<p>tel :\u00a0 06 63 67 33 62<\/p>\n<p>Pour plus de pr\u00e9cisions,\u00a0 \u00a0le contenu complet\u00a0 \u00a0du dispositif de formation est t\u00e9l\u00e9chargeable sur le site national f\u00e9d\u00e9ral :\u00a0 Rubrique Clubs et Licenci\u00e9s\u00a0 \u00a0 Onglet Formation.[\/vc_column_text][\/vc_column][\/vc_row]<\/p>\n<\/div>","protected":false},"excerpt":{"rendered":"<p>[vc_row][vc_column][vc_column_text]Depuis cette saison 2021\/2022, la F\u00e9d\u00e9ration a d\u00e9l\u00e9gu\u00e9 aux Comit\u00e9s D\u00e9partementaux l&rsquo;organisation de la formation au Dipl\u00f4me d&rsquo;Instructeur F\u00e9d\u00e9ral. Auparavant la formation \u00e9tait assur\u00e9e par la Ligue Bretagne. L&rsquo;\u00e9quipe du Comit\u00e9 D\u00e9partemental 22\u00a0 pourrait assurer cette formation \u00e9tal\u00e9e sur 3 week-ends et une journ\u00e9e compl\u00e8te\u00a0 d\u00e8s lors qu&rsquo;elle disposerait de plusieurs\u00a0 candidats. Les personnes int\u00e9ress\u00e9es [&hellip;]<\/p>\n","protected":false},"author":64,"featured_media":0,"comment_status":"closed","ping_status":"closed","sticky":false,"template":"","format":"standard","meta":{"footnotes":""},"categories":[1,11],"tags":[],"class_list":["post-2033","post","type-post","status-publish","format-standard","hentry","category-non-classe","category-formations"],"_links":{"self":[{"href":"https:\/\/sites.ffkarate.fr\/cdkcotesdarmor\/wp-json\/wp\/v2\/posts\/2033","targetHints":{"allow":["GET"]}}],"collection":[{"href":"https:\/\/sites.ffkarate.fr\/cdkcotesdarmor\/wp-json\/wp\/v2\/posts"}],"about":[{"href":"https:\/\/sites.ffkarate.fr\/cdkcotesdarmor\/wp-json\/wp\/v2\/types\/post"}],"author":[{"embeddable":true,"href":"https:\/\/sites.ffkarate.fr\/cdkcotesdarmor\/wp-json\/wp\/v2\/users\/64"}],"replies":[{"embeddable":true,"href":"https:\/\/sites.ffkarate.fr\/cdkcotesdarmor\/wp-json\/wp\/v2\/comments?post=2033"}],"version-history":[{"count":2,"href":"https:\/\/sites.ffkarate.fr\/cdkcotesdarmor\/wp-json\/wp\/v2\/posts\/2033\/revisions"}],"predecessor-version":[{"id":2035,"href":"https:\/\/sites.ffkarate.fr\/cdkcotesdarmor\/wp-json\/wp\/v2\/posts\/2033\/revisions\/2035"}],"wp:attachment":[{"href":"https:\/\/sites.ffkarate.fr\/cdkcotesdarmor\/wp-json\/wp\/v2\/media?parent=2033"}],"wp:term":[{"taxonomy":"category","embeddable":true,"href":"https:\/\/sites.ffkarate.fr\/cdkcotesdarmor\/wp-json\/wp\/v2\/categories?post=2033"},{"taxonomy":"post_tag","embeddable":true,"href":"https:\/\/sites.ffkarate.fr\/cdkcotesdarmor\/wp-json\/wp\/v2\/tags?post=2033"}],"curies":[{"name":"wp","href":"https:\/\/api.w.org\/{rel}","templated":true}]}}