{"id":2054,"date":"2022-01-10T19:28:52","date_gmt":"2022-01-10T18:28:52","guid":{"rendered":"https:\/\/sites.ffkarate.fr\/cdkcotesdarmor\/?p=2054"},"modified":"2022-01-10T19:30:38","modified_gmt":"2022-01-10T18:30:38","slug":"felicitations-a-bruno-vetal-pour-son-7eme-dan","status":"publish","type":"post","link":"https:\/\/sites.ffkarate.fr\/cdkcotesdarmor\/2022\/01\/10\/felicitations-a-bruno-vetal-pour-son-7eme-dan\/","title":{"rendered":"F\u00e9licitations \u00e0 Bruno VETAL   pour son 7\u00e8me Dan"},"content":{"rendered":"<div class=\"wpb-content-wrapper\"><p>[vc_row][vc_column][vc_column_text]Bruno VETAL n\u00f4tre Directeur Technique D\u00e9partemental a pass\u00e9 en toute discr\u00e9tion les \u00e9preuves de l&rsquo;examen de 7\u00e8me Dan organis\u00e9 par la F\u00e9d\u00e9ration le vendredi 7 janvier 2022 \u00e0 Paris.<\/p>\n<p>Un gros travail pour ce passionn\u00e9 de Karat\u00e9 qui a obtenu sa premi\u00e8re ceinture noire le 13 juin 1982.<\/p>\n<p>Toute l&rsquo;\u00e9quipe du Comit\u00e9 D\u00e9partemental lui adresse ses plus sinc\u00e8res f\u00e9licitations pour ce parcours de sportif et de professeur au sein du Karat\u00e9 Club de Lannion depuis sa cr\u00e9ation en 1984.<\/p>\n<p>En revanche Bruno ne change pas de couleur de ceinture : il conserve la rouge et blanche attribu\u00e9e \u00e0 partir du 6\u00e8me Dan.<\/p>\n<p>&nbsp;<\/p>\n<p><img decoding=\"async\" class=\"alignnone size-medium wp-image-2056\" src=\"https:\/\/sites.ffkarate.fr\/cdkcotesdarmor\/wp-content\/uploads\/sites\/36\/2022\/01\/Photo-Bruno-V-Alain-Jegou-6eme-Dan-300x242.jpg\" alt=\"\" width=\"300\" height=\"242\" srcset=\"https:\/\/sites.ffkarate.fr\/cdkcotesdarmor\/wp-content\/uploads\/sites\/36\/2022\/01\/Photo-Bruno-V-Alain-Jegou-6eme-Dan-300x242.jpg 300w, https:\/\/sites.ffkarate.fr\/cdkcotesdarmor\/wp-content\/uploads\/sites\/36\/2022\/01\/Photo-Bruno-V-Alain-Jegou-6eme-Dan.jpg 471w\" sizes=\"(max-width: 300px) 100vw, 300px\" \/><\/p>\n<p style=\"text-align: center\">Bruno second \u00e0 partir de la gauche et son comp\u00e8re Alain J\u00e9gou\u00a0 en d\u00e9cembre 2014.<\/p>\n<p>[\/vc_column_text][\/vc_column][\/vc_row]<\/p>\n<\/div>","protected":false},"excerpt":{"rendered":"<p>[vc_row][vc_column][vc_column_text]Bruno VETAL n\u00f4tre Directeur Technique D\u00e9partemental a pass\u00e9 en toute discr\u00e9tion les \u00e9preuves de l&rsquo;examen de 7\u00e8me Dan organis\u00e9 par la F\u00e9d\u00e9ration le vendredi 7 janvier 2022 \u00e0 Paris. Un gros travail pour ce passionn\u00e9 de Karat\u00e9 qui a obtenu sa premi\u00e8re ceinture noire le 13 juin 1982. Toute l&rsquo;\u00e9quipe du Comit\u00e9 D\u00e9partemental lui adresse [&hellip;]<\/p>\n","protected":false},"author":64,"featured_media":0,"comment_status":"closed","ping_status":"closed","sticky":false,"template":"","format":"standard","meta":{"footnotes":""},"categories":[1],"tags":[],"class_list":["post-2054","post","type-post","status-publish","format-standard","hentry","category-non-classe"],"_links":{"self":[{"href":"https:\/\/sites.ffkarate.fr\/cdkcotesdarmor\/wp-json\/wp\/v2\/posts\/2054","targetHints":{"allow":["GET"]}}],"collection":[{"href":"https:\/\/sites.ffkarate.fr\/cdkcotesdarmor\/wp-json\/wp\/v2\/posts"}],"about":[{"href":"https:\/\/sites.ffkarate.fr\/cdkcotesdarmor\/wp-json\/wp\/v2\/types\/post"}],"author":[{"embeddable":true,"href":"https:\/\/sites.ffkarate.fr\/cdkcotesdarmor\/wp-json\/wp\/v2\/users\/64"}],"replies":[{"embeddable":true,"href":"https:\/\/sites.ffkarate.fr\/cdkcotesdarmor\/wp-json\/wp\/v2\/comments?post=2054"}],"version-history":[{"count":3,"href":"https:\/\/sites.ffkarate.fr\/cdkcotesdarmor\/wp-json\/wp\/v2\/posts\/2054\/revisions"}],"predecessor-version":[{"id":2058,"href":"https:\/\/sites.ffkarate.fr\/cdkcotesdarmor\/wp-json\/wp\/v2\/posts\/2054\/revisions\/2058"}],"wp:attachment":[{"href":"https:\/\/sites.ffkarate.fr\/cdkcotesdarmor\/wp-json\/wp\/v2\/media?parent=2054"}],"wp:term":[{"taxonomy":"category","embeddable":true,"href":"https:\/\/sites.ffkarate.fr\/cdkcotesdarmor\/wp-json\/wp\/v2\/categories?post=2054"},{"taxonomy":"post_tag","embeddable":true,"href":"https:\/\/sites.ffkarate.fr\/cdkcotesdarmor\/wp-json\/wp\/v2\/tags?post=2054"}],"curies":[{"name":"wp","href":"https:\/\/api.w.org\/{rel}","templated":true}]}}