{"id":2070,"date":"2022-01-22T20:32:36","date_gmt":"2022-01-22T19:32:36","guid":{"rendered":"https:\/\/sites.ffkarate.fr\/cdkcotesdarmor\/?p=2070"},"modified":"2022-01-22T20:47:55","modified_gmt":"2022-01-22T19:47:55","slug":"le-club-arts-et-culture-du-nusantara-en-interview-sur-radio-oceane","status":"publish","type":"post","link":"https:\/\/sites.ffkarate.fr\/cdkcotesdarmor\/2022\/01\/22\/le-club-arts-et-culture-du-nusantara-en-interview-sur-radio-oceane\/","title":{"rendered":"Le Club Arts et Culture du Nusantara en interview sur Radio Oc\u00e9ane le 20 janvier 2022"},"content":{"rendered":"<div class=\"wpb-content-wrapper\"><p>[vc_row][vc_column][vc_column_text]David\u00a0 BOUSSION\u00a0 Pr\u00e9sident du <strong>Club Arts et Culture du Nusantara<\/strong> a\u00a0 pu s&rsquo;exprimer sur Radio Oc\u00e9ane pour pr\u00e9senter\u00a0 l&rsquo;art martial\u00a0 Arnis \/ Kali Escrima enseign\u00e9 dans son club \u00e0 Lannion\u00a0 \u00a0. Une occasion pour David d&rsquo;\u00e9voquer\u00a0 en parall\u00e8le les actions humanitaires en lien avec le d\u00e9veloppement durable et l&rsquo;autosuffisance alimentaire\u00a0 financ\u00e9es par son association aux Philippines.<\/p>\n<p>Bravo \u00e0 David et \u00e0 son \u00e9quipe.<\/p>\n<p>L&rsquo;interview est accessible via le lien suivant :<\/p>\n<p>https:\/\/oceanefm.ouest-france.fr\/l-armado-un-art-martial-philippin-enseigne-par-david-boussion<\/p>\n<p>Pour ceux qui voudraient d\u00e9couvrir l&rsquo;Arnis \/ Kali Escrima : rendez vous le samedi 12 f\u00e9vrier au Dojo de Lannion.\u00a0 \u00a0Stage gratuit ouvert \u00e0 tous les licenci\u00e9s FFK.<\/p>\n<p>Contact : David Boussion\u00a0 \u00a0tel 06 64 73 61 54[\/vc_column_text][\/vc_column][\/vc_row]<\/p>\n<\/div>","protected":false},"excerpt":{"rendered":"<p>[vc_row][vc_column][vc_column_text]David\u00a0 BOUSSION\u00a0 Pr\u00e9sident du Club Arts et Culture du Nusantara a\u00a0 pu s&rsquo;exprimer sur Radio Oc\u00e9ane pour pr\u00e9senter\u00a0 l&rsquo;art martial\u00a0 Arnis \/ Kali Escrima enseign\u00e9 dans son club \u00e0 Lannion\u00a0 \u00a0. Une occasion pour David d&rsquo;\u00e9voquer\u00a0 en parall\u00e8le les actions humanitaires en lien avec le d\u00e9veloppement durable et l&rsquo;autosuffisance alimentaire\u00a0 financ\u00e9es par son association aux [&hellip;]<\/p>\n","protected":false},"author":64,"featured_media":0,"comment_status":"closed","ping_status":"closed","sticky":false,"template":"","format":"standard","meta":{"footnotes":""},"categories":[1,18],"tags":[],"class_list":["post-2070","post","type-post","status-publish","format-standard","hentry","category-non-classe","category-vie-des-clubs"],"_links":{"self":[{"href":"https:\/\/sites.ffkarate.fr\/cdkcotesdarmor\/wp-json\/wp\/v2\/posts\/2070","targetHints":{"allow":["GET"]}}],"collection":[{"href":"https:\/\/sites.ffkarate.fr\/cdkcotesdarmor\/wp-json\/wp\/v2\/posts"}],"about":[{"href":"https:\/\/sites.ffkarate.fr\/cdkcotesdarmor\/wp-json\/wp\/v2\/types\/post"}],"author":[{"embeddable":true,"href":"https:\/\/sites.ffkarate.fr\/cdkcotesdarmor\/wp-json\/wp\/v2\/users\/64"}],"replies":[{"embeddable":true,"href":"https:\/\/sites.ffkarate.fr\/cdkcotesdarmor\/wp-json\/wp\/v2\/comments?post=2070"}],"version-history":[{"count":6,"href":"https:\/\/sites.ffkarate.fr\/cdkcotesdarmor\/wp-json\/wp\/v2\/posts\/2070\/revisions"}],"predecessor-version":[{"id":2077,"href":"https:\/\/sites.ffkarate.fr\/cdkcotesdarmor\/wp-json\/wp\/v2\/posts\/2070\/revisions\/2077"}],"wp:attachment":[{"href":"https:\/\/sites.ffkarate.fr\/cdkcotesdarmor\/wp-json\/wp\/v2\/media?parent=2070"}],"wp:term":[{"taxonomy":"category","embeddable":true,"href":"https:\/\/sites.ffkarate.fr\/cdkcotesdarmor\/wp-json\/wp\/v2\/categories?post=2070"},{"taxonomy":"post_tag","embeddable":true,"href":"https:\/\/sites.ffkarate.fr\/cdkcotesdarmor\/wp-json\/wp\/v2\/tags?post=2070"}],"curies":[{"name":"wp","href":"https:\/\/api.w.org\/{rel}","templated":true}]}}