{"id":2113,"date":"2022-02-13T18:21:36","date_gmt":"2022-02-13T17:21:36","guid":{"rendered":"https:\/\/sites.ffkarate.fr\/cdkcotesdarmor\/?p=2113"},"modified":"2022-02-13T18:21:36","modified_gmt":"2022-02-13T17:21:36","slug":"le-comite-departemental-organise-une-formation-au-diplome-dinstructeur-federal-dif","status":"publish","type":"post","link":"https:\/\/sites.ffkarate.fr\/cdkcotesdarmor\/2022\/02\/13\/le-comite-departemental-organise-une-formation-au-diplome-dinstructeur-federal-dif\/","title":{"rendered":"Le Comit\u00e9 D\u00e9partemental organise une formation au Dipl\u00f4me d&rsquo;Instructeur F\u00e9d\u00e9ral (DIF)"},"content":{"rendered":"<div class=\"wpb-content-wrapper\"><p>[vc_row][vc_column][vc_column_text]Une formation au Dipl\u00f4me d&rsquo;Instructeur F\u00e9d\u00e9ral est propos\u00e9e\u00a0 en deux parties<\/p>\n<ul>\n<li>samedi 26 et dimanche 27 mars<\/li>\n<li>samedi et dimanche 24 avril<\/li>\n<\/ul>\n<p>La formation sera assur\u00e9e par Yann Charles Directeur Technique R\u00e9gional.<\/p>\n<p>La fiche d&rsquo;inscription est accessible \u00e0 la rubrique Club et Licenci\u00e9s\u00a0 onglet Formation.<\/p>\n<p>La date limite d&rsquo;inscription est fix\u00e9e au 15 mars prochain (cachet de la poste faisant foi).[\/vc_column_text][\/vc_column][\/vc_row]<\/p>\n<\/div>","protected":false},"excerpt":{"rendered":"<p>[vc_row][vc_column][vc_column_text]Une formation au Dipl\u00f4me d&rsquo;Instructeur F\u00e9d\u00e9ral est propos\u00e9e\u00a0 en deux parties samedi 26 et dimanche 27 mars samedi et dimanche 24 avril La formation sera assur\u00e9e par Yann Charles Directeur Technique R\u00e9gional. La fiche d&rsquo;inscription est accessible \u00e0 la rubrique Club et Licenci\u00e9s\u00a0 onglet Formation. La date limite d&rsquo;inscription est fix\u00e9e au 15 mars prochain [&hellip;]<\/p>\n","protected":false},"author":64,"featured_media":0,"comment_status":"closed","ping_status":"closed","sticky":false,"template":"","format":"standard","meta":{"footnotes":""},"categories":[1],"tags":[],"class_list":["post-2113","post","type-post","status-publish","format-standard","hentry","category-non-classe"],"_links":{"self":[{"href":"https:\/\/sites.ffkarate.fr\/cdkcotesdarmor\/wp-json\/wp\/v2\/posts\/2113","targetHints":{"allow":["GET"]}}],"collection":[{"href":"https:\/\/sites.ffkarate.fr\/cdkcotesdarmor\/wp-json\/wp\/v2\/posts"}],"about":[{"href":"https:\/\/sites.ffkarate.fr\/cdkcotesdarmor\/wp-json\/wp\/v2\/types\/post"}],"author":[{"embeddable":true,"href":"https:\/\/sites.ffkarate.fr\/cdkcotesdarmor\/wp-json\/wp\/v2\/users\/64"}],"replies":[{"embeddable":true,"href":"https:\/\/sites.ffkarate.fr\/cdkcotesdarmor\/wp-json\/wp\/v2\/comments?post=2113"}],"version-history":[{"count":2,"href":"https:\/\/sites.ffkarate.fr\/cdkcotesdarmor\/wp-json\/wp\/v2\/posts\/2113\/revisions"}],"predecessor-version":[{"id":2115,"href":"https:\/\/sites.ffkarate.fr\/cdkcotesdarmor\/wp-json\/wp\/v2\/posts\/2113\/revisions\/2115"}],"wp:attachment":[{"href":"https:\/\/sites.ffkarate.fr\/cdkcotesdarmor\/wp-json\/wp\/v2\/media?parent=2113"}],"wp:term":[{"taxonomy":"category","embeddable":true,"href":"https:\/\/sites.ffkarate.fr\/cdkcotesdarmor\/wp-json\/wp\/v2\/categories?post=2113"},{"taxonomy":"post_tag","embeddable":true,"href":"https:\/\/sites.ffkarate.fr\/cdkcotesdarmor\/wp-json\/wp\/v2\/tags?post=2113"}],"curies":[{"name":"wp","href":"https:\/\/api.w.org\/{rel}","templated":true}]}}