{"id":2190,"date":"2022-04-24T11:47:31","date_gmt":"2022-04-24T09:47:31","guid":{"rendered":"https:\/\/sites.ffkarate.fr\/cdkcotesdarmor\/?p=2190"},"modified":"2022-04-24T11:47:31","modified_gmt":"2022-04-24T09:47:31","slug":"lancement-de-la-campagne-de-subventions-2022-de-lagence-nationale-du-sport","status":"publish","type":"post","link":"https:\/\/sites.ffkarate.fr\/cdkcotesdarmor\/2022\/04\/24\/lancement-de-la-campagne-de-subventions-2022-de-lagence-nationale-du-sport\/","title":{"rendered":"Lancement de la campagne de subventions 2022 de l&rsquo;Agence Nationale du Sport"},"content":{"rendered":"<div class=\"wpb-content-wrapper\"><p>[vc_row][vc_column][vc_column_text]La campagne ANS 2022 est ouverte depuis le 21 avril et la saisie des dossiers est possible jusqu&rsquo;au mardi 31 mai \u00e0 0h00.<\/p>\n<p>La FFK DA propose \u00e0 ses structures affili\u00e9es (clubs et organes d\u00e9concentr\u00e9s) une note d&rsquo;orientation en lien avec le Projet Sportif F\u00e9d\u00e9ral (PSF) concernant les aides susceptibles d&rsquo;\u00eatre accord\u00e9es par l&rsquo;ANS.<\/p>\n<p><a href=\"https:\/\/sites.ffkarate.fr\/cdkcotesdarmor\/wp-content\/uploads\/sites\/36\/2022\/04\/Note-orientation-FFK-PSF.pdf\">Note-orientation-FFK-PSF<\/a><\/p>\n<p>Dans cette note vous trouverez les crit\u00e8res d&rsquo;attribution applicables \u00e0 chaque niveau de structure ainsi qu&rsquo;un guide utilisateur du Compte Asso.<\/p>\n<p><strong><a href=\"https:\/\/sites.ffkarate.fr\/cdkcotesdarmor\/wp-content\/uploads\/sites\/36\/2022\/04\/2022_Guide-Le-Compte-Asso_Faire-une-demande-PSF.pdf\">2022_Guide Le Compte Asso_Faire une demande PSF<\/a><\/strong><\/p>\n<p><strong>Les clubs peuvent formuler jusqu&rsquo;\u00e0 3 projets.<\/strong> Tous les projets doivent \u00eatre pr\u00e9sent\u00e9s sous le m\u00eame dossier.<\/p>\n<p>Ces projets s&rsquo;articulent autour de th\u00e8mes\u00a0 pr\u00e9cis :<\/p>\n<ul>\n<li>Organisation de comp\u00e9titions non officielles pour les enfants et les jeunes<\/li>\n<li>D\u00e9veloppement d&rsquo;une section ou d&rsquo;un club : aide \u00e0 l&rsquo;acquisition de mat\u00e9riel p\u00e9dagogique<\/li>\n<li>D\u00e9veloppement de la pratique en milieu scolaire : aide \u00e0 l&rsquo;enseignement et \u00e0 l&rsquo;acquisition de mat\u00e9riel sp\u00e9cifique<\/li>\n<li>D\u00e9veloppement de la pratique para sport : aide \u00e0 l&rsquo;enseignement et \u00e0 l&rsquo;acquisition de mat\u00e9riel sp\u00e9cifique<\/li>\n<li>D\u00e9veloppement et promotion de la pratique f\u00e9minine<\/li>\n<li>Promotion de la pratique en milieu hospitalier ou en \u00e9tablissement accueillant des personnes \u00e2g\u00e9es : aide \u00e0 l&rsquo;animation et \u00e0 l&rsquo;acquisition de mat\u00e9riel sp\u00e9cifique<\/li>\n<li>Promotion de la pratique pour les s\u00e9niors<\/li>\n<li>Formation des jeunes arbitres : aide pour l&rsquo;accompagnement vers la formation des jeunes arbitres<\/li>\n<li>Formation des coachs sportifs et jeunes coachs : aide pour l&rsquo;accompagnement vers la formation des coachs et jeunes coachs<\/li>\n<li>Actions sportives de Haut-Niveau (club \u00e9lites et comp\u00e9titions internationales)<\/li>\n<\/ul>\n<p>&nbsp;<\/p>\n<p>[\/vc_column_text][\/vc_column][\/vc_row]<\/p>\n<\/div>","protected":false},"excerpt":{"rendered":"<p>[vc_row][vc_column][vc_column_text]La campagne ANS 2022 est ouverte depuis le 21 avril et la saisie des dossiers est possible jusqu&rsquo;au mardi 31 mai \u00e0 0h00. La FFK DA propose \u00e0 ses structures affili\u00e9es (clubs et organes d\u00e9concentr\u00e9s) une note d&rsquo;orientation en lien avec le Projet Sportif F\u00e9d\u00e9ral (PSF) concernant les aides susceptibles d&rsquo;\u00eatre accord\u00e9es par l&rsquo;ANS. Note-orientation-FFK-PSF [&hellip;]<\/p>\n","protected":false},"author":64,"featured_media":0,"comment_status":"closed","ping_status":"closed","sticky":false,"template":"","format":"standard","meta":{"footnotes":""},"categories":[1],"tags":[],"class_list":["post-2190","post","type-post","status-publish","format-standard","hentry","category-non-classe"],"_links":{"self":[{"href":"https:\/\/sites.ffkarate.fr\/cdkcotesdarmor\/wp-json\/wp\/v2\/posts\/2190","targetHints":{"allow":["GET"]}}],"collection":[{"href":"https:\/\/sites.ffkarate.fr\/cdkcotesdarmor\/wp-json\/wp\/v2\/posts"}],"about":[{"href":"https:\/\/sites.ffkarate.fr\/cdkcotesdarmor\/wp-json\/wp\/v2\/types\/post"}],"author":[{"embeddable":true,"href":"https:\/\/sites.ffkarate.fr\/cdkcotesdarmor\/wp-json\/wp\/v2\/users\/64"}],"replies":[{"embeddable":true,"href":"https:\/\/sites.ffkarate.fr\/cdkcotesdarmor\/wp-json\/wp\/v2\/comments?post=2190"}],"version-history":[{"count":4,"href":"https:\/\/sites.ffkarate.fr\/cdkcotesdarmor\/wp-json\/wp\/v2\/posts\/2190\/revisions"}],"predecessor-version":[{"id":2196,"href":"https:\/\/sites.ffkarate.fr\/cdkcotesdarmor\/wp-json\/wp\/v2\/posts\/2190\/revisions\/2196"}],"wp:attachment":[{"href":"https:\/\/sites.ffkarate.fr\/cdkcotesdarmor\/wp-json\/wp\/v2\/media?parent=2190"}],"wp:term":[{"taxonomy":"category","embeddable":true,"href":"https:\/\/sites.ffkarate.fr\/cdkcotesdarmor\/wp-json\/wp\/v2\/categories?post=2190"},{"taxonomy":"post_tag","embeddable":true,"href":"https:\/\/sites.ffkarate.fr\/cdkcotesdarmor\/wp-json\/wp\/v2\/tags?post=2190"}],"curies":[{"name":"wp","href":"https:\/\/api.w.org\/{rel}","templated":true}]}}