{"id":2219,"date":"2022-05-25T21:16:48","date_gmt":"2022-05-25T19:16:48","guid":{"rendered":"https:\/\/sites.ffkarate.fr\/cdkcotesdarmor\/?p=2219"},"modified":"2022-05-25T21:18:44","modified_gmt":"2022-05-25T19:18:44","slug":"extension-de-la-periode-de-garantie-pour-les-journees-portes-ouvertes-en-club","status":"publish","type":"post","link":"https:\/\/sites.ffkarate.fr\/cdkcotesdarmor\/2022\/05\/25\/extension-de-la-periode-de-garantie-pour-les-journees-portes-ouvertes-en-club\/","title":{"rendered":"Extension de la p\u00e9riode de garantie pour les journ\u00e9es Portes Ouvertes en Club"},"content":{"rendered":"<div class=\"wpb-content-wrapper\"><p>[vc_row][vc_column][vc_column_text]La FFK offre la possibilit\u00e9 \u00e0 ses clubs affili\u00e9s d&rsquo;organiser des Journ\u00e9es Portes Ouvertes\u00a0 durant lesquelles des pratiquants licenci\u00e9s et non licenci\u00e9s sont couverts \u00e0 garanties \u00e9gales. Un avenant sign\u00e9 avec la Mutuelle Des Sportifs permet d&rsquo;\u00e9tendre la p\u00e9riode des ces journ\u00e9es.\u00a0 La p\u00e9riode s&rsquo;\u00e9tale maintenant\u00a0 du 1er juin 2022 au 31 octobre 2022. (versus 1er septembre au 31 octobre ant\u00e9rieurement)<\/p>\n<p>Les \u00e9v\u00e8nements s&rsquo;ouvrent :<\/p>\n<ul>\n<li>en nombre\u00a0 illimit\u00e9 du 1er juin au 31 octobre 2022<\/li>\n<li>dans la limite de 2 jours par club du 1er novembre 2022 au 31 aout 2023<\/li>\n<\/ul>\n<p>Afin que la couverture assurance soit effective il convient de respecter une seule condition \u00e0 savoir que <strong>ces journ\u00e9es doivent faire l&rsquo;objet d&rsquo;une d\u00e9claration<\/strong> <strong>pr\u00e9alable 48 heures avant leur d\u00e9roulement aupr\u00e8s de la MDS et du service Juridique de la FFK :\u00a0<\/strong><\/p>\n<p>contact@mutuelle-des-sportifs.com<\/p>\n<p>juridique@ffkarate.fr\u00a0 \u00a0 01 41 17 44 41\u00a0 ou 01 41 17 44 40<\/p>\n<p>&nbsp;<\/p>\n<p><a href=\"https:\/\/sites.ffkarate.fr\/cdkcotesdarmor\/wp-content\/uploads\/sites\/36\/2022\/05\/AVENANT-2_IA_KARATE_NON-LICENCIES-2022-Portes-ouvertes.pdf\">AVENANT-2_IA_KARATE_NON-LICENCIES-2022 Portes ouvertes<\/a>[\/vc_column_text][\/vc_column][\/vc_row]<\/p>\n<\/div>","protected":false},"excerpt":{"rendered":"<p>[vc_row][vc_column][vc_column_text]La FFK offre la possibilit\u00e9 \u00e0 ses clubs affili\u00e9s d&rsquo;organiser des Journ\u00e9es Portes Ouvertes\u00a0 durant lesquelles des pratiquants licenci\u00e9s et non licenci\u00e9s sont couverts \u00e0 garanties \u00e9gales. Un avenant sign\u00e9 avec la Mutuelle Des Sportifs permet d&rsquo;\u00e9tendre la p\u00e9riode des ces journ\u00e9es.\u00a0 La p\u00e9riode s&rsquo;\u00e9tale maintenant\u00a0 du 1er juin 2022 au 31 octobre 2022. (versus [&hellip;]<\/p>\n","protected":false},"author":64,"featured_media":0,"comment_status":"closed","ping_status":"closed","sticky":false,"template":"","format":"standard","meta":{"footnotes":""},"categories":[1],"tags":[],"class_list":["post-2219","post","type-post","status-publish","format-standard","hentry","category-non-classe"],"_links":{"self":[{"href":"https:\/\/sites.ffkarate.fr\/cdkcotesdarmor\/wp-json\/wp\/v2\/posts\/2219","targetHints":{"allow":["GET"]}}],"collection":[{"href":"https:\/\/sites.ffkarate.fr\/cdkcotesdarmor\/wp-json\/wp\/v2\/posts"}],"about":[{"href":"https:\/\/sites.ffkarate.fr\/cdkcotesdarmor\/wp-json\/wp\/v2\/types\/post"}],"author":[{"embeddable":true,"href":"https:\/\/sites.ffkarate.fr\/cdkcotesdarmor\/wp-json\/wp\/v2\/users\/64"}],"replies":[{"embeddable":true,"href":"https:\/\/sites.ffkarate.fr\/cdkcotesdarmor\/wp-json\/wp\/v2\/comments?post=2219"}],"version-history":[{"count":3,"href":"https:\/\/sites.ffkarate.fr\/cdkcotesdarmor\/wp-json\/wp\/v2\/posts\/2219\/revisions"}],"predecessor-version":[{"id":2222,"href":"https:\/\/sites.ffkarate.fr\/cdkcotesdarmor\/wp-json\/wp\/v2\/posts\/2219\/revisions\/2222"}],"wp:attachment":[{"href":"https:\/\/sites.ffkarate.fr\/cdkcotesdarmor\/wp-json\/wp\/v2\/media?parent=2219"}],"wp:term":[{"taxonomy":"category","embeddable":true,"href":"https:\/\/sites.ffkarate.fr\/cdkcotesdarmor\/wp-json\/wp\/v2\/categories?post=2219"},{"taxonomy":"post_tag","embeddable":true,"href":"https:\/\/sites.ffkarate.fr\/cdkcotesdarmor\/wp-json\/wp\/v2\/tags?post=2219"}],"curies":[{"name":"wp","href":"https:\/\/api.w.org\/{rel}","templated":true}]}}