{"id":2231,"date":"2022-06-16T16:39:41","date_gmt":"2022-06-16T14:39:41","guid":{"rendered":"https:\/\/sites.ffkarate.fr\/cdkcotesdarmor\/?p=2231"},"modified":"2022-06-16T16:39:41","modified_gmt":"2022-06-16T14:39:41","slug":"une-petite-sortie-plage-pour-les-karatekas-du-s-k-c-r","status":"publish","type":"post","link":"https:\/\/sites.ffkarate.fr\/cdkcotesdarmor\/2022\/06\/16\/une-petite-sortie-plage-pour-les-karatekas-du-s-k-c-r\/","title":{"rendered":"Une petite sortie plage pour les karat\u00e9kas du S.K.C.R"},"content":{"rendered":"<div class=\"wpb-content-wrapper\"><p>[vc_row][vc_column][vc_column_text]Le mercredi 8 juin\u00a0 Aziz DABCHY\u00a0 professeur du Shotokan Karat\u00e9 Club de la Rance a convi\u00e9 ses \u00e9l\u00e8ves \u00e0 un entrainement hors du dojo.\u00a0 Au del\u00e0 d&rsquo;un travail\u00a0 en\u00a0 plein sur un sol plus instable ce fut aussi un moment de convivialit\u00e9.<\/p>\n<p>Le mercredi 15 juin \u00e9tait plus s\u00e9rieux avec le passage de grade interne au club.<\/p>\n<p>C&rsquo;est toujours un moment important pour les \u00e9l\u00e8ves . Antoine 9 ans a obtenu sa ceinture jaune\/orange, Thomas 13 ans sa ceinture orange et Enzo 14 ans a obtenu sa ceinture bleue.<\/p>\n<p>Bravo\u00a0 \u00e0 tous les \u00e9l\u00e8ves et \u00e0 leur professeur.<\/p>\n<p>Et toutes nos f\u00e9licitations \u00e0 Christophe ROUILLE\u00a0 Secr\u00e9taire du Club qui a obtenu son 2\u00e8me Dan le dimanche 29 mai.<\/p>\n<p>&nbsp;<\/p>\n<p>[\/vc_column_text][\/vc_column][\/vc_row]<\/p>\n<\/div>","protected":false},"excerpt":{"rendered":"<p>[vc_row][vc_column][vc_column_text]Le mercredi 8 juin\u00a0 Aziz DABCHY\u00a0 professeur du Shotokan Karat\u00e9 Club de la Rance a convi\u00e9 ses \u00e9l\u00e8ves \u00e0 un entrainement hors du dojo.\u00a0 Au del\u00e0 d&rsquo;un travail\u00a0 en\u00a0 plein sur un sol plus instable ce fut aussi un moment de convivialit\u00e9. Le mercredi 15 juin \u00e9tait plus s\u00e9rieux avec le passage de grade interne [&hellip;]<\/p>\n","protected":false},"author":64,"featured_media":2230,"comment_status":"closed","ping_status":"closed","sticky":false,"template":"","format":"standard","meta":{"footnotes":""},"categories":[18],"tags":[],"class_list":["post-2231","post","type-post","status-publish","format-standard","hentry","category-vie-des-clubs"],"_links":{"self":[{"href":"https:\/\/sites.ffkarate.fr\/cdkcotesdarmor\/wp-json\/wp\/v2\/posts\/2231","targetHints":{"allow":["GET"]}}],"collection":[{"href":"https:\/\/sites.ffkarate.fr\/cdkcotesdarmor\/wp-json\/wp\/v2\/posts"}],"about":[{"href":"https:\/\/sites.ffkarate.fr\/cdkcotesdarmor\/wp-json\/wp\/v2\/types\/post"}],"author":[{"embeddable":true,"href":"https:\/\/sites.ffkarate.fr\/cdkcotesdarmor\/wp-json\/wp\/v2\/users\/64"}],"replies":[{"embeddable":true,"href":"https:\/\/sites.ffkarate.fr\/cdkcotesdarmor\/wp-json\/wp\/v2\/comments?post=2231"}],"version-history":[{"count":2,"href":"https:\/\/sites.ffkarate.fr\/cdkcotesdarmor\/wp-json\/wp\/v2\/posts\/2231\/revisions"}],"predecessor-version":[{"id":2233,"href":"https:\/\/sites.ffkarate.fr\/cdkcotesdarmor\/wp-json\/wp\/v2\/posts\/2231\/revisions\/2233"}],"wp:featuredmedia":[{"embeddable":true,"href":"https:\/\/sites.ffkarate.fr\/cdkcotesdarmor\/wp-json\/wp\/v2\/media\/2230"}],"wp:attachment":[{"href":"https:\/\/sites.ffkarate.fr\/cdkcotesdarmor\/wp-json\/wp\/v2\/media?parent=2231"}],"wp:term":[{"taxonomy":"category","embeddable":true,"href":"https:\/\/sites.ffkarate.fr\/cdkcotesdarmor\/wp-json\/wp\/v2\/categories?post=2231"},{"taxonomy":"post_tag","embeddable":true,"href":"https:\/\/sites.ffkarate.fr\/cdkcotesdarmor\/wp-json\/wp\/v2\/tags?post=2231"}],"curies":[{"name":"wp","href":"https:\/\/api.w.org\/{rel}","templated":true}]}}