{"id":2297,"date":"2022-07-15T19:12:41","date_gmt":"2022-07-15T17:12:41","guid":{"rendered":"https:\/\/sites.ffkarate.fr\/cdkcotesdarmor\/?p=2297"},"modified":"2022-07-15T19:12:41","modified_gmt":"2022-07-15T17:12:41","slug":"des-podiums-nationaux-et-regionaux-pour-les-karatekas-costarmoricains","status":"publish","type":"post","link":"https:\/\/sites.ffkarate.fr\/cdkcotesdarmor\/2022\/07\/15\/des-podiums-nationaux-et-regionaux-pour-les-karatekas-costarmoricains\/","title":{"rendered":"Des podiums nationaux et r\u00e9gionaux pour les karat\u00e9kas costarmoricains"},"content":{"rendered":"<div class=\"wpb-content-wrapper\"><p>[vc_row][vc_column][vc_column_text]En cette fin de saison sportive il est important de f\u00e9liciter les comp\u00e9titeurs karat\u00e9 qui se sont distingu\u00e9s cette saison.<\/p>\n<p style=\"text-align: center\"><strong>Podiums Nationaux :<\/strong><\/p>\n<p><em><strong>Championnat National\u00a0 Karat\u00e9 Mix\u00a0 19 f\u00e9vrier 2022<\/strong><\/em><\/p>\n<ul>\n<li>S\u00e9nior moins de 78 kg :\u00a0 \u00a0 \u00a0 \u00a0 \u00a0 \u00a0 \u00a0 \u00a0 \u00a0 \u00a0 \u00a0 \u00a0<strong>1er\u00a0<\/strong> \u00a0Julien SENECAILLE\u00a0 Breizh Karat\u00e9 Do<\/li>\n<\/ul>\n<p><em><strong>Championnat de France Karat\u00e9\u00a0 Semi Contact 20 mars 2022<\/strong><\/em><\/p>\n<ul>\n<li>Cadet masculin moins de 75 kg :\u00a0 \u00a0 \u00a0 \u00a0<strong>2\u00e8me\u00a0<\/strong> Kelvin HELLIO\u00a0 Full Karat\u00e9 Club du Leff<\/li>\n<li>Junior masculin moins de 55 kg :\u00a0 \u00a0 \u00a0 <strong>1er<\/strong> Jer\u00e9my LE MAITRE\u00a0 Full Karat\u00e9 Club du Leff<\/li>\n<li>S\u00e9nior masculin moins de 68 kg:\u00a0 \u00a0 \u00a0 \u00a0<strong>3\u00e8me<\/strong> Marc NICOL\u00a0 Full Karat\u00e9 Club du Leff<\/li>\n<\/ul>\n<p style=\"text-align: center\"><strong>Podiums R\u00e9gionaux\u00a0<\/strong><\/p>\n<p><em><strong>Championnat de Bretagne Karat\u00e9 Kata 23 janvier 2022<\/strong><\/em><\/p>\n<ul>\n<li>S\u00e9nior Masculin :\u00a0 \u00a0 \u00a0 \u00a0 \u00a0 \u00a0 \u00a0 \u00a0 \u00a0 \u00a0 \u00a0 \u00a0 \u00a0 \u00a0 \u00a0 \u00a0 \u00a0 \u00a0<strong>1er\u00a0<\/strong> John DEIMER\u00a0 CEPS Dinan Armor<\/li>\n<\/ul>\n<p><em><strong>Championnat de Bretagne\u00a0 Karat\u00e9 Cadet Junior\u00a0 Kumite 5 f\u00e9vrier 2022<\/strong><\/em><\/p>\n<ul>\n<li>Junior F\u00e9minine moins de 48 kg\u00a0 \u00a0 \u00a0 <strong>2\u00e8me<\/strong> Marie HIRSCH SKCR Dinan<\/li>\n<li>Cadet moins de 52 kg\u00a0 \u00a0 \u00a0 \u00a0 \u00a0 \u00a0 \u00a0 \u00a0 \u00a0 \u00a0 \u00a0 \u00a0 \u00a0 \u00a0<strong>2\u00e8me<\/strong> Nathan BAUBERT Zyle Karat\u00e9<\/li>\n<li>Cadet moins de 57 kg\u00a0 \u00a0 \u00a0 \u00a0 \u00a0 \u00a0 \u00a0 \u00a0 \u00a0 \u00a0 \u00a0 \u00a0 \u00a0 \u00a0<strong>3\u00e8me<\/strong> Axel MARTIN CEPS Dinan Armor<\/li>\n<li>Cadet moins de 63 Kg\u00a0 \u00a0 \u00a0 \u00a0 \u00a0 \u00a0 \u00a0 \u00a0 \u00a0 \u00a0 \u00a0 \u00a0 \u00a0 <strong>3\u00e8me<\/strong> Kilian ROUSSEAU Zyle Karat\u00e9<\/li>\n<li>Junior moins de 61 kg\u00a0 \u00a0 \u00a0 \u00a0 \u00a0 \u00a0 \u00a0 \u00a0 \u00a0 \u00a0 \u00a0 \u00a0 \u00a0 <strong>2\u00e8me<\/strong> Benjamin LUCAS Dragons Uzelais<\/li>\n<\/ul>\n<p><em><strong>Championnat de Bretagne Karat\u00e9 Kumite Minimes S\u00e9niors 6\u00a0 mars 2022<\/strong><\/em><\/p>\n<ul>\n<li>Minime moins de 50 kg\u00a0 \u00a0 \u00a0 \u00a0 \u00a0 \u00a0 \u00a0 \u00a0 \u00a0 \u00a0 \u00a0 <strong>\u00a02\u00e8me<\/strong> Enzo OLLIVIER\u00a0 SKCR Dinan<\/li>\n<li>S\u00e9nior f\u00e9minine moins de 61 kg\u00a0 \u00a0 \u00a0 \u00a0 \u00a0<strong>3\u00e8me<\/strong> Perrine ALLEMAND Zyle Karate<\/li>\n<li>S\u00e9nior moins de 60 kg\u00a0 \u00a0 \u00a0 \u00a0 \u00a0 \u00a0 \u00a0 \u00a0 \u00a0 \u00a0 \u00a0 \u00a0 \u00a0 <strong>2\u00e8me<\/strong> Benjamin LUCAS Dragons Uzelais<\/li>\n<\/ul>\n<p><em><strong>Championnat de Bretagne Karat\u00e9 Kata\u00a0 V\u00e9t\u00e9rans\u00a0 6 mars 2022<\/strong><\/em><\/p>\n<ul>\n<li>V\u00e9t\u00e9ran 1\u00a0 \u00a0 \u00a0 \u00a0 \u00a0 \u00a0 \u00a0 \u00a0 \u00a0 \u00a0 \u00a0 \u00a0 \u00a0 \u00a0 \u00a0 \u00a0 \u00a0 \u00a0 \u00a0 \u00a0 \u00a0 \u00a0 \u00a0 \u00a0 <strong>2\u00e8me<\/strong> Johny LEPERLIER Dragons Uzelais.<\/li>\n<\/ul>\n<p><em><strong>Coupe de Bretagne Kata\u00a0 13 mars 2022<\/strong><\/em><\/p>\n<ul>\n<li>S\u00e9nior F\u00e9minine :\u00a0 \u00a0 \u00a0 \u00a0 \u00a0 \u00a0 \u00a0 \u00a0 \u00a0 \u00a0 \u00a0 \u00a0 \u00a0 \u00a0 \u00a0 \u00a0 \u00a0 \u00a0 <strong>3\u00e8me<\/strong>\u00a0 Perrine ALLEMAND\u00a0\u00a0 Zyle Karat\u00e9<\/li>\n<li>S\u00e9nior Masculin :\u00a0 \u00a0 \u00a0 \u00a0 \u00a0 \u00a0 \u00a0 \u00a0 \u00a0 \u00a0 \u00a0 \u00a0 \u00a0 \u00a0 \u00a0 \u00a0 \u00a0 \u00a0 <strong>1er <\/strong>John DEIMER CEPS Dinan Armor<\/li>\n<li>S\u00e9nior Masculin\u00a0 \u00a0 \u00a0 \u00a0 \u00a0 \u00a0 \u00a0 \u00a0 \u00a0 \u00a0 \u00a0 \u00a0 \u00a0 \u00a0 \u00a0 \u00a0 \u00a0 \u00a0 \u00a0 <strong>3\u00e8me<\/strong> Hasina RAKOTODRAFARA\u00a0 Karat\u00e9 Loud\u00e9ac Pl\u00e9met<\/li>\n<\/ul>\n<p><em><strong>Coupe de Bretagne Kumite 13 mars 2022<\/strong><\/em><\/p>\n<ul>\n<li>Cadette moins de 60 kg\u00a0 \u00a0 \u00a0 \u00a0 \u00a0 \u00a0 \u00a0 \u00a0 \u00a0 \u00a0 \u00a0 \u00a0<strong> 2\u00e8me<\/strong> Hasna OUALIBOUCH SKCR Dinan<\/li>\n<li>Junior moins de 48 kg\u00a0 \u00a0 \u00a0 \u00a0 \u00a0 \u00a0 \u00a0 \u00a0 \u00a0 \u00a0 \u00a0 \u00a0 \u00a0 <strong>2\u00e8me<\/strong> Marie HIRSCH\u00a0 SKCR Dinan<\/li>\n<li>S\u00e9nior moins de 61 kg\u00a0 \u00a0 \u00a0 \u00a0 \u00a0 \u00a0 \u00a0 \u00a0 \u00a0 \u00a0 \u00a0 \u00a0 \u00a0 \u00a0<strong>2\u00e8me<\/strong> Perrine ALLEMAND\u00a0 Zyle Karat\u00e9<\/li>\n<li>Cadet moins de 52 kg\u00a0 \u00a0 \u00a0 \u00a0 \u00a0 \u00a0 \u00a0 \u00a0 \u00a0 \u00a0 \u00a0 \u00a0 \u00a0 \u00a0 <strong>2\u00e8me<\/strong> Nathan BAUBERT\u00a0 Zyle Karat\u00e9<\/li>\n<li>Cadet moins de 57 kg\u00a0 \u00a0 \u00a0 \u00a0 \u00a0 \u00a0 \u00a0 \u00a0 \u00a0 \u00a0 \u00a0 \u00a0 \u00a0 \u00a0 <strong>2\u00e8me<\/strong> Arthur HENRY\u00a0 Zyle Karat\u00e9<\/li>\n<li>Cadet moins de 63 kg\u00a0 \u00a0 \u00a0 \u00a0 \u00a0 \u00a0 \u00a0 \u00a0 \u00a0 \u00a0 \u00a0 \u00a0 \u00a0 \u00a0 <strong>2\u00e8me<\/strong>\u00a0 Kilian ROUSSEAU Zyle Karat\u00e9<\/li>\n<\/ul>\n<p>M\u00eame si la comp\u00e9tition n&rsquo;est pas le but ultime de la majorit\u00e9 de nos licenci\u00e9s Karat\u00e9 ces \u00e9preuves marquent l&rsquo;engagement et le\u00a0 d\u00e9passement de soi\u00a0 . Ces comp\u00e9tences sont aussi importantes dans nos dojos que dans la vie courante quel que soit l&rsquo;\u00e2ge.<\/p>\n<p>Bravo \u00e0 toutes et \u00e0 tous\u00a0 et un grand remerciement aux professeurs qui savent\u00a0 guider leurs \u00e9l\u00e8ves tout au long des \u00e9preuves de la saison sportive.[\/vc_column_text][\/vc_column][\/vc_row]<\/p>\n<\/div>","protected":false},"excerpt":{"rendered":"<p>[vc_row][vc_column][vc_column_text]En cette fin de saison sportive il est important de f\u00e9liciter les comp\u00e9titeurs karat\u00e9 qui se sont distingu\u00e9s cette saison. Podiums Nationaux : Championnat National\u00a0 Karat\u00e9 Mix\u00a0 19 f\u00e9vrier 2022 S\u00e9nior moins de 78 kg :\u00a0 \u00a0 \u00a0 \u00a0 \u00a0 \u00a0 \u00a0 \u00a0 \u00a0 \u00a0 \u00a0 \u00a01er\u00a0 \u00a0Julien SENECAILLE\u00a0 Breizh Karat\u00e9 Do Championnat de France [&hellip;]<\/p>\n","protected":false},"author":64,"featured_media":0,"comment_status":"closed","ping_status":"closed","sticky":false,"template":"","format":"standard","meta":{"footnotes":""},"categories":[10],"tags":[],"class_list":["post-2297","post","type-post","status-publish","format-standard","hentry","category-competitions"],"_links":{"self":[{"href":"https:\/\/sites.ffkarate.fr\/cdkcotesdarmor\/wp-json\/wp\/v2\/posts\/2297","targetHints":{"allow":["GET"]}}],"collection":[{"href":"https:\/\/sites.ffkarate.fr\/cdkcotesdarmor\/wp-json\/wp\/v2\/posts"}],"about":[{"href":"https:\/\/sites.ffkarate.fr\/cdkcotesdarmor\/wp-json\/wp\/v2\/types\/post"}],"author":[{"embeddable":true,"href":"https:\/\/sites.ffkarate.fr\/cdkcotesdarmor\/wp-json\/wp\/v2\/users\/64"}],"replies":[{"embeddable":true,"href":"https:\/\/sites.ffkarate.fr\/cdkcotesdarmor\/wp-json\/wp\/v2\/comments?post=2297"}],"version-history":[{"count":6,"href":"https:\/\/sites.ffkarate.fr\/cdkcotesdarmor\/wp-json\/wp\/v2\/posts\/2297\/revisions"}],"predecessor-version":[{"id":2303,"href":"https:\/\/sites.ffkarate.fr\/cdkcotesdarmor\/wp-json\/wp\/v2\/posts\/2297\/revisions\/2303"}],"wp:attachment":[{"href":"https:\/\/sites.ffkarate.fr\/cdkcotesdarmor\/wp-json\/wp\/v2\/media?parent=2297"}],"wp:term":[{"taxonomy":"category","embeddable":true,"href":"https:\/\/sites.ffkarate.fr\/cdkcotesdarmor\/wp-json\/wp\/v2\/categories?post=2297"},{"taxonomy":"post_tag","embeddable":true,"href":"https:\/\/sites.ffkarate.fr\/cdkcotesdarmor\/wp-json\/wp\/v2\/tags?post=2297"}],"curies":[{"name":"wp","href":"https:\/\/api.w.org\/{rel}","templated":true}]}}