{"id":2356,"date":"2022-09-20T19:26:05","date_gmt":"2022-09-20T17:26:05","guid":{"rendered":"https:\/\/sites.ffkarate.fr\/cdkcotesdarmor\/?p=2356"},"modified":"2022-09-22T19:52:08","modified_gmt":"2022-09-22T17:52:08","slug":"directive-du-12-septembre-2022-sur-le-certificat-medical","status":"publish","type":"post","link":"https:\/\/sites.ffkarate.fr\/cdkcotesdarmor\/2022\/09\/20\/directive-du-12-septembre-2022-sur-le-certificat-medical\/","title":{"rendered":"Directive du 12 septembre 2022  sur le Certificat m\u00e9dical"},"content":{"rendered":"<div class=\"wpb-content-wrapper\"><p>[vc_row][vc_column][vc_column_text]L&rsquo;annonce a \u00e9t\u00e9 faite lors du s\u00e9minaires des dirigeants les 10 et 11 septembre derniers.<\/p>\n<p>La FFK a r\u00e9dig\u00e9 une nouvelle\u00a0 circulaire relative au certificat m\u00e9dical .<\/p>\n<p><a href=\"https:\/\/sites.ffkarate.fr\/cdkcotesdarmor\/wp-content\/uploads\/sites\/36\/2022\/09\/CIRCULAIRE008-Certificatmedical2022-2023-1.pdf\">CIRCULAIRE+008+-+Certificat+m\u00e9dical+2022-2023-1<\/a><\/p>\n<p>Pour cette saison il convient de distinguer les publics :<\/p>\n<ul>\n<li>majeurs pour lesquels une licence peut \u00eatre souscrite\u00a0 sans contrainte li\u00e9e au certificat m\u00e9dical<\/li>\n<li>mineurs pour lesquels les directives de la circulaire de la saison 2021\/2022 continuent \u00e0 s&rsquo;appliquer\u00a0 <a href=\"https:\/\/sites.ffkarate.fr\/cdkcotesdarmor\/wp-content\/uploads\/sites\/36\/2022\/09\/CIRCULAIRE-007-Certificat-medical-et-questionnaire-de-sante_2021_2022.pdf\">CIRCULAIRE-007-Certificat-medical-et-questionnaire-de-sante_2021_2022<\/a><\/li>\n<li>comp\u00e9titeurs\u00a0 de certaines disciplines &#8211; Karat\u00e9 Contact Karat\u00e9 Mix Karat\u00e9 Full contact Sanda Vo Tu Do Vo Vinam Contact\u00a0 -qui devront fournir un certificat de moins d&rsquo;un an\u00a0 de non contre indication \u00e0 la pratique en comp\u00e9tition.<\/li>\n<\/ul>\n<p>Il y a donc coexistence des deux directives selon les publics.[\/vc_column_text][\/vc_column][\/vc_row]<\/p>\n<\/div>","protected":false},"excerpt":{"rendered":"<p>[vc_row][vc_column][vc_column_text]L&rsquo;annonce a \u00e9t\u00e9 faite lors du s\u00e9minaires des dirigeants les 10 et 11 septembre derniers. La FFK a r\u00e9dig\u00e9 une nouvelle\u00a0 circulaire relative au certificat m\u00e9dical . CIRCULAIRE+008+-+Certificat+m\u00e9dical+2022-2023-1 Pour cette saison il convient de distinguer les publics : majeurs pour lesquels une licence peut \u00eatre souscrite\u00a0 sans contrainte li\u00e9e au certificat m\u00e9dical mineurs pour lesquels [&hellip;]<\/p>\n","protected":false},"author":64,"featured_media":0,"comment_status":"closed","ping_status":"closed","sticky":false,"template":"","format":"standard","meta":{"footnotes":""},"categories":[5,1],"tags":[],"class_list":["post-2356","post","type-post","status-publish","format-standard","hentry","category-actualites","category-non-classe"],"_links":{"self":[{"href":"https:\/\/sites.ffkarate.fr\/cdkcotesdarmor\/wp-json\/wp\/v2\/posts\/2356","targetHints":{"allow":["GET"]}}],"collection":[{"href":"https:\/\/sites.ffkarate.fr\/cdkcotesdarmor\/wp-json\/wp\/v2\/posts"}],"about":[{"href":"https:\/\/sites.ffkarate.fr\/cdkcotesdarmor\/wp-json\/wp\/v2\/types\/post"}],"author":[{"embeddable":true,"href":"https:\/\/sites.ffkarate.fr\/cdkcotesdarmor\/wp-json\/wp\/v2\/users\/64"}],"replies":[{"embeddable":true,"href":"https:\/\/sites.ffkarate.fr\/cdkcotesdarmor\/wp-json\/wp\/v2\/comments?post=2356"}],"version-history":[{"count":8,"href":"https:\/\/sites.ffkarate.fr\/cdkcotesdarmor\/wp-json\/wp\/v2\/posts\/2356\/revisions"}],"predecessor-version":[{"id":2367,"href":"https:\/\/sites.ffkarate.fr\/cdkcotesdarmor\/wp-json\/wp\/v2\/posts\/2356\/revisions\/2367"}],"wp:attachment":[{"href":"https:\/\/sites.ffkarate.fr\/cdkcotesdarmor\/wp-json\/wp\/v2\/media?parent=2356"}],"wp:term":[{"taxonomy":"category","embeddable":true,"href":"https:\/\/sites.ffkarate.fr\/cdkcotesdarmor\/wp-json\/wp\/v2\/categories?post=2356"},{"taxonomy":"post_tag","embeddable":true,"href":"https:\/\/sites.ffkarate.fr\/cdkcotesdarmor\/wp-json\/wp\/v2\/tags?post=2356"}],"curies":[{"name":"wp","href":"https:\/\/api.w.org\/{rel}","templated":true}]}}