{"id":2454,"date":"2022-11-20T20:14:40","date_gmt":"2022-11-20T19:14:40","guid":{"rendered":"https:\/\/sites.ffkarate.fr\/cdkcotesdarmor\/?p=2454"},"modified":"2022-11-25T14:15:53","modified_gmt":"2022-11-25T13:15:53","slug":"changement-dhoraire-pour-le-championnat-departemental-karate-kata-et-combat","status":"publish","type":"post","link":"https:\/\/sites.ffkarate.fr\/cdkcotesdarmor\/2022\/11\/20\/changement-dhoraire-pour-le-championnat-departemental-karate-kata-et-combat\/","title":{"rendered":"Changement d&rsquo;horaire pour le Championnat D\u00e9partemental Karat\u00e9 (kata et combat)"},"content":{"rendered":"<div class=\"wpb-content-wrapper\"><p>[vc_row][vc_column][vc_column_text]Suite \u00e0 une demande en Assembl\u00e9e G\u00e9n\u00e9rale\u00a0 l&rsquo;horaire du Championnat D\u00e9partemental est modifi\u00e9e.<\/p>\n<p><strong>Les comp\u00e9titeurs inscrits sont invit\u00e9s \u00e0 se pr\u00e9senter \u00e0 10h15\u00a0 pour les contr\u00f4les toutes cat\u00e9gories d&rsquo;\u00e2ges<\/strong>.<\/p>\n<p><a href=\"https:\/\/sites.ffkarate.fr\/cdkcotesdarmor\/wp-content\/uploads\/sites\/36\/2022\/11\/Affiche-championnat-22-Uzel-27-11-v2.pdf\">Affiche championnat 22 Uzel 27 11 v2<\/a>[\/vc_column_text][\/vc_column][\/vc_row]<\/p>\n<\/div>","protected":false},"excerpt":{"rendered":"<p>[vc_row][vc_column][vc_column_text]Suite \u00e0 une demande en Assembl\u00e9e G\u00e9n\u00e9rale\u00a0 l&rsquo;horaire du Championnat D\u00e9partemental est modifi\u00e9e. Les comp\u00e9titeurs inscrits sont invit\u00e9s \u00e0 se pr\u00e9senter \u00e0 10h15\u00a0 pour les contr\u00f4les toutes cat\u00e9gories d&rsquo;\u00e2ges. Affiche championnat 22 Uzel 27 11 v2[\/vc_column_text][\/vc_column][\/vc_row]<\/p>\n","protected":false},"author":64,"featured_media":2467,"comment_status":"closed","ping_status":"closed","sticky":false,"template":"","format":"standard","meta":{"footnotes":""},"categories":[10],"tags":[],"class_list":["post-2454","post","type-post","status-publish","format-standard","hentry","category-competitions"],"_links":{"self":[{"href":"https:\/\/sites.ffkarate.fr\/cdkcotesdarmor\/wp-json\/wp\/v2\/posts\/2454","targetHints":{"allow":["GET"]}}],"collection":[{"href":"https:\/\/sites.ffkarate.fr\/cdkcotesdarmor\/wp-json\/wp\/v2\/posts"}],"about":[{"href":"https:\/\/sites.ffkarate.fr\/cdkcotesdarmor\/wp-json\/wp\/v2\/types\/post"}],"author":[{"embeddable":true,"href":"https:\/\/sites.ffkarate.fr\/cdkcotesdarmor\/wp-json\/wp\/v2\/users\/64"}],"replies":[{"embeddable":true,"href":"https:\/\/sites.ffkarate.fr\/cdkcotesdarmor\/wp-json\/wp\/v2\/comments?post=2454"}],"version-history":[{"count":1,"href":"https:\/\/sites.ffkarate.fr\/cdkcotesdarmor\/wp-json\/wp\/v2\/posts\/2454\/revisions"}],"predecessor-version":[{"id":2455,"href":"https:\/\/sites.ffkarate.fr\/cdkcotesdarmor\/wp-json\/wp\/v2\/posts\/2454\/revisions\/2455"}],"wp:featuredmedia":[{"embeddable":true,"href":"https:\/\/sites.ffkarate.fr\/cdkcotesdarmor\/wp-json\/wp\/v2\/media\/2467"}],"wp:attachment":[{"href":"https:\/\/sites.ffkarate.fr\/cdkcotesdarmor\/wp-json\/wp\/v2\/media?parent=2454"}],"wp:term":[{"taxonomy":"category","embeddable":true,"href":"https:\/\/sites.ffkarate.fr\/cdkcotesdarmor\/wp-json\/wp\/v2\/categories?post=2454"},{"taxonomy":"post_tag","embeddable":true,"href":"https:\/\/sites.ffkarate.fr\/cdkcotesdarmor\/wp-json\/wp\/v2\/tags?post=2454"}],"curies":[{"name":"wp","href":"https:\/\/api.w.org\/{rel}","templated":true}]}}