{"id":2543,"date":"2023-01-09T11:29:38","date_gmt":"2023-01-09T10:29:38","guid":{"rendered":"https:\/\/sites.ffkarate.fr\/cdkcotesdarmor\/?p=2543"},"modified":"2023-01-09T11:29:38","modified_gmt":"2023-01-09T10:29:38","slug":"1ere-galette-des-rois-pour-kensakudo","status":"publish","type":"post","link":"https:\/\/sites.ffkarate.fr\/cdkcotesdarmor\/2023\/01\/09\/1ere-galette-des-rois-pour-kensakudo\/","title":{"rendered":"1\u00e8re galette des rois pour Kensakudo"},"content":{"rendered":"<div class=\"wpb-content-wrapper\"><p>[vc_row][vc_column][vc_column_text]Les pratiquants du nouveau club de karat\u00e9 KENSAKUDO \u00e0 Penvenan d\u00e9butent l&rsquo;ann\u00e9e dans une ambiance conviviale autour d&rsquo;une galette des Rois.\u00a0 \u00a0Nul doute que les 22 licenci\u00e9s remettront tr\u00e8s vite le kimono pour compenser ce petit \u00e9cart.<\/p>\n<p>L&rsquo;\u00e9quipe dirigeante de Kensakudo vous donne 2 rendez vous cette saison :<\/p>\n<ul>\n<li>le 11 mars en partenariat avec le Club ARANAMI DOJO pour une d\u00e9couverte du karat\u00e9 du style Shito Ryu anim\u00e9 par Michel LOLLIVIER 6\u00e8me Dan\u00a0 ( informations\u00a0 \u00e0 la rubrique calendrier du comit\u00e9)<\/li>\n<li>le 10 juin un stage Self D\u00e9fense tout public en matin\u00e9e et r\u00e9serv\u00e9 aux licenci\u00e9s FFK l&rsquo;apr\u00e8s midi.<\/li>\n<\/ul>\n<p>Tr\u00e8s Belle Ann\u00e9e \u00e0 toute l&rsquo;\u00e9quipe d&rsquo;Arnaud Galay-Martin et \u00e0 ses licenci\u00e9(e)s !<\/p>\n<p>&nbsp;<\/p>\n<p style=\"text-align: center\"><img decoding=\"async\" class=\"alignnone size-medium wp-image-2542\" src=\"https:\/\/sites.ffkarate.fr\/cdkcotesdarmor\/wp-content\/uploads\/sites\/36\/2023\/01\/janvier-2023--300x204.jpg\" alt=\"\" width=\"300\" height=\"204\" srcset=\"https:\/\/sites.ffkarate.fr\/cdkcotesdarmor\/wp-content\/uploads\/sites\/36\/2023\/01\/janvier-2023--300x204.jpg 300w, https:\/\/sites.ffkarate.fr\/cdkcotesdarmor\/wp-content\/uploads\/sites\/36\/2023\/01\/janvier-2023--1024x697.jpg 1024w, https:\/\/sites.ffkarate.fr\/cdkcotesdarmor\/wp-content\/uploads\/sites\/36\/2023\/01\/janvier-2023--768x523.jpg 768w, https:\/\/sites.ffkarate.fr\/cdkcotesdarmor\/wp-content\/uploads\/sites\/36\/2023\/01\/janvier-2023--1536x1045.jpg 1536w, https:\/\/sites.ffkarate.fr\/cdkcotesdarmor\/wp-content\/uploads\/sites\/36\/2023\/01\/janvier-2023--2048x1394.jpg 2048w\" sizes=\"(max-width: 300px) 100vw, 300px\" \/><\/p>\n<p>[\/vc_column_text][\/vc_column][\/vc_row]<\/p>\n<\/div>","protected":false},"excerpt":{"rendered":"<p>[vc_row][vc_column][vc_column_text]Les pratiquants du nouveau club de karat\u00e9 KENSAKUDO \u00e0 Penvenan d\u00e9butent l&rsquo;ann\u00e9e dans une ambiance conviviale autour d&rsquo;une galette des Rois.\u00a0 \u00a0Nul doute que les 22 licenci\u00e9s remettront tr\u00e8s vite le kimono pour compenser ce petit \u00e9cart. L&rsquo;\u00e9quipe dirigeante de Kensakudo vous donne 2 rendez vous cette saison : le 11 mars en partenariat avec [&hellip;]<\/p>\n","protected":false},"author":64,"featured_media":2541,"comment_status":"closed","ping_status":"closed","sticky":false,"template":"","format":"standard","meta":{"footnotes":""},"categories":[18],"tags":[],"class_list":["post-2543","post","type-post","status-publish","format-standard","hentry","category-vie-des-clubs"],"_links":{"self":[{"href":"https:\/\/sites.ffkarate.fr\/cdkcotesdarmor\/wp-json\/wp\/v2\/posts\/2543","targetHints":{"allow":["GET"]}}],"collection":[{"href":"https:\/\/sites.ffkarate.fr\/cdkcotesdarmor\/wp-json\/wp\/v2\/posts"}],"about":[{"href":"https:\/\/sites.ffkarate.fr\/cdkcotesdarmor\/wp-json\/wp\/v2\/types\/post"}],"author":[{"embeddable":true,"href":"https:\/\/sites.ffkarate.fr\/cdkcotesdarmor\/wp-json\/wp\/v2\/users\/64"}],"replies":[{"embeddable":true,"href":"https:\/\/sites.ffkarate.fr\/cdkcotesdarmor\/wp-json\/wp\/v2\/comments?post=2543"}],"version-history":[{"count":3,"href":"https:\/\/sites.ffkarate.fr\/cdkcotesdarmor\/wp-json\/wp\/v2\/posts\/2543\/revisions"}],"predecessor-version":[{"id":2546,"href":"https:\/\/sites.ffkarate.fr\/cdkcotesdarmor\/wp-json\/wp\/v2\/posts\/2543\/revisions\/2546"}],"wp:featuredmedia":[{"embeddable":true,"href":"https:\/\/sites.ffkarate.fr\/cdkcotesdarmor\/wp-json\/wp\/v2\/media\/2541"}],"wp:attachment":[{"href":"https:\/\/sites.ffkarate.fr\/cdkcotesdarmor\/wp-json\/wp\/v2\/media?parent=2543"}],"wp:term":[{"taxonomy":"category","embeddable":true,"href":"https:\/\/sites.ffkarate.fr\/cdkcotesdarmor\/wp-json\/wp\/v2\/categories?post=2543"},{"taxonomy":"post_tag","embeddable":true,"href":"https:\/\/sites.ffkarate.fr\/cdkcotesdarmor\/wp-json\/wp\/v2\/tags?post=2543"}],"curies":[{"name":"wp","href":"https:\/\/api.w.org\/{rel}","templated":true}]}}