{"id":2663,"date":"2023-03-12T11:39:04","date_gmt":"2023-03-12T10:39:04","guid":{"rendered":"https:\/\/sites.ffkarate.fr\/cdkcotesdarmor\/?p=2663"},"modified":"2023-03-12T11:39:36","modified_gmt":"2023-03-12T10:39:36","slug":"35-stagiaires-au-rendez-vous-pour-le-stage-qi-gong-sante-propose-par-le-p-a-m-a-plerin","status":"publish","type":"post","link":"https:\/\/sites.ffkarate.fr\/cdkcotesdarmor\/2023\/03\/12\/35-stagiaires-au-rendez-vous-pour-le-stage-qi-gong-sante-propose-par-le-p-a-m-a-plerin\/","title":{"rendered":"35 stagiaires au rendez-vous pour le stage Qi Gong Sant\u00e9 propos\u00e9 par l&rsquo;E.P.A.M \u00e0 Pl\u00e9rin"},"content":{"rendered":"<div class=\"wpb-content-wrapper\"><p>[vc_row][vc_column][vc_column_text]Un succ\u00e8s pour le stage de Qi Gong Sant\u00e9 sur le th\u00e8me du\u00a0 Yi Jin Jing (assouplissement des tendons et des articulations) anim\u00e9 par Yvan VELARD au dojo Robert Moy de l&rsquo;Ecole Pl\u00e9rinaise d&rsquo;Arts Martiaux.<\/p>\n<p>Yvan\u00a0 a su mettre sa p\u00e9dagogie\u00a0 et son exp\u00e9rience de 3\u00e8me Duan et de praticien en m\u00e9decine traditionnelle chinoise\u00a0 au service des \u00e9l\u00e8ves et des professeurs d&rsquo;Arts Martiaux Chinois costarmoricains.<\/p>\n<p>[\/vc_column_text][\/vc_column][\/vc_row]<\/p>\n<\/div>","protected":false},"excerpt":{"rendered":"<p>[vc_row][vc_column][vc_column_text]Un succ\u00e8s pour le stage de Qi Gong Sant\u00e9 sur le th\u00e8me du\u00a0 Yi Jin Jing (assouplissement des tendons et des articulations) anim\u00e9 par Yvan VELARD au dojo Robert Moy de l&rsquo;Ecole Pl\u00e9rinaise d&rsquo;Arts Martiaux. Yvan\u00a0 a su mettre sa p\u00e9dagogie\u00a0 et son exp\u00e9rience de 3\u00e8me Duan et de praticien en m\u00e9decine traditionnelle chinoise\u00a0 au [&hellip;]<\/p>\n","protected":false},"author":64,"featured_media":2665,"comment_status":"closed","ping_status":"closed","sticky":false,"template":"","format":"standard","meta":{"footnotes":""},"categories":[1,18],"tags":[],"class_list":["post-2663","post","type-post","status-publish","format-standard","hentry","category-non-classe","category-vie-des-clubs"],"_links":{"self":[{"href":"https:\/\/sites.ffkarate.fr\/cdkcotesdarmor\/wp-json\/wp\/v2\/posts\/2663","targetHints":{"allow":["GET"]}}],"collection":[{"href":"https:\/\/sites.ffkarate.fr\/cdkcotesdarmor\/wp-json\/wp\/v2\/posts"}],"about":[{"href":"https:\/\/sites.ffkarate.fr\/cdkcotesdarmor\/wp-json\/wp\/v2\/types\/post"}],"author":[{"embeddable":true,"href":"https:\/\/sites.ffkarate.fr\/cdkcotesdarmor\/wp-json\/wp\/v2\/users\/64"}],"replies":[{"embeddable":true,"href":"https:\/\/sites.ffkarate.fr\/cdkcotesdarmor\/wp-json\/wp\/v2\/comments?post=2663"}],"version-history":[{"count":5,"href":"https:\/\/sites.ffkarate.fr\/cdkcotesdarmor\/wp-json\/wp\/v2\/posts\/2663\/revisions"}],"predecessor-version":[{"id":2669,"href":"https:\/\/sites.ffkarate.fr\/cdkcotesdarmor\/wp-json\/wp\/v2\/posts\/2663\/revisions\/2669"}],"wp:featuredmedia":[{"embeddable":true,"href":"https:\/\/sites.ffkarate.fr\/cdkcotesdarmor\/wp-json\/wp\/v2\/media\/2665"}],"wp:attachment":[{"href":"https:\/\/sites.ffkarate.fr\/cdkcotesdarmor\/wp-json\/wp\/v2\/media?parent=2663"}],"wp:term":[{"taxonomy":"category","embeddable":true,"href":"https:\/\/sites.ffkarate.fr\/cdkcotesdarmor\/wp-json\/wp\/v2\/categories?post=2663"},{"taxonomy":"post_tag","embeddable":true,"href":"https:\/\/sites.ffkarate.fr\/cdkcotesdarmor\/wp-json\/wp\/v2\/tags?post=2663"}],"curies":[{"name":"wp","href":"https:\/\/api.w.org\/{rel}","templated":true}]}}