{"id":2894,"date":"2023-11-05T11:52:30","date_gmt":"2023-11-05T10:52:30","guid":{"rendered":"https:\/\/sites.ffkarate.fr\/cdkcotesdarmor\/?p=2894"},"modified":"2023-11-06T19:58:37","modified_gmt":"2023-11-06T18:58:37","slug":"bienvenue-a-km-breizh-nouveau-club-de-krav-maga","status":"publish","type":"post","link":"https:\/\/sites.ffkarate.fr\/cdkcotesdarmor\/2023\/11\/05\/bienvenue-a-km-breizh-nouveau-club-de-krav-maga\/","title":{"rendered":"Bienvenue \u00e0 KM BREIZH  nouveau club de Krav Maga"},"content":{"rendered":"<div class=\"wpb-content-wrapper\"><p>[vc_row][vc_column][vc_column_text]Le Comit\u00e9 D\u00e9partemental est heureux de compter un nouveau club dans le d\u00e9partement.<\/p>\n<p>KM &#8211; BREIZH\u00a0 dispose de 2 lieux de pratiques pour des enseignements ouverts \u00e0 diff\u00e9rents publics :<\/p>\n<p>Rostrenen :\u00a0 Maison des Associations Salle Gouren 3\u00e8me \u00e9tage<\/p>\n<p>Enfants et Ados mercredi de 18h00 \u00e0 19h15<\/p>\n<p>Adultes : mercredi et jeudi\u00a0 19h30 \u00e0 21h00.<\/p>\n<p>&nbsp;<\/p>\n<p>Plouguern\u00e9vel : Salle Omnisports<\/p>\n<p>Adultes : mardi de 19h30 \u00e0 21h00.<\/p>\n<p>&nbsp;<\/p>\n<p>Les cours sont dispens\u00e9s par\u00a0 Eric GRONDIN qui dispose de nombreuses ann\u00e9es de pratiques : Karat\u00e9 Shotokan, Kung Fu, Ken Do, Aikido, Nihon Tai Jitsu, Hapkido, Jeet Kune Do avant de passer \u00e0 la Savate Boxe Fran\u00e7aise pour laquelle il est titulaire d&rsquo;un CQP sp\u00e9cialisation b\u00e2ton d\u00e9fense et enfin le Krav Maga (1er dan).<\/p>\n<p>Eric est aussi le Pr\u00e9sident de ce tout nouveau club \u00e0 qui nous souhaitons une belle premi\u00e8re saison sportive.<\/p>\n<p>Contact : km.breizh22@gmail.com\u00a0 \u00a0 \u00a006 26 45 26 67[\/vc_column_text][\/vc_column][\/vc_row]<\/p>\n<\/div>","protected":false},"excerpt":{"rendered":"<p>[vc_row][vc_column][vc_column_text]Le Comit\u00e9 D\u00e9partemental est heureux de compter un nouveau club dans le d\u00e9partement. KM &#8211; BREIZH\u00a0 dispose de 2 lieux de pratiques pour des enseignements ouverts \u00e0 diff\u00e9rents publics : Rostrenen :\u00a0 Maison des Associations Salle Gouren 3\u00e8me \u00e9tage Enfants et Ados mercredi de 18h00 \u00e0 19h15 Adultes : mercredi et jeudi\u00a0 19h30 \u00e0 21h00. [&hellip;]<\/p>\n","protected":false},"author":64,"featured_media":2893,"comment_status":"closed","ping_status":"closed","sticky":false,"template":"","format":"standard","meta":{"footnotes":""},"categories":[1],"tags":[],"class_list":["post-2894","post","type-post","status-publish","format-standard","hentry","category-non-classe"],"_links":{"self":[{"href":"https:\/\/sites.ffkarate.fr\/cdkcotesdarmor\/wp-json\/wp\/v2\/posts\/2894","targetHints":{"allow":["GET"]}}],"collection":[{"href":"https:\/\/sites.ffkarate.fr\/cdkcotesdarmor\/wp-json\/wp\/v2\/posts"}],"about":[{"href":"https:\/\/sites.ffkarate.fr\/cdkcotesdarmor\/wp-json\/wp\/v2\/types\/post"}],"author":[{"embeddable":true,"href":"https:\/\/sites.ffkarate.fr\/cdkcotesdarmor\/wp-json\/wp\/v2\/users\/64"}],"replies":[{"embeddable":true,"href":"https:\/\/sites.ffkarate.fr\/cdkcotesdarmor\/wp-json\/wp\/v2\/comments?post=2894"}],"version-history":[{"count":4,"href":"https:\/\/sites.ffkarate.fr\/cdkcotesdarmor\/wp-json\/wp\/v2\/posts\/2894\/revisions"}],"predecessor-version":[{"id":2908,"href":"https:\/\/sites.ffkarate.fr\/cdkcotesdarmor\/wp-json\/wp\/v2\/posts\/2894\/revisions\/2908"}],"wp:featuredmedia":[{"embeddable":true,"href":"https:\/\/sites.ffkarate.fr\/cdkcotesdarmor\/wp-json\/wp\/v2\/media\/2893"}],"wp:attachment":[{"href":"https:\/\/sites.ffkarate.fr\/cdkcotesdarmor\/wp-json\/wp\/v2\/media?parent=2894"}],"wp:term":[{"taxonomy":"category","embeddable":true,"href":"https:\/\/sites.ffkarate.fr\/cdkcotesdarmor\/wp-json\/wp\/v2\/categories?post=2894"},{"taxonomy":"post_tag","embeddable":true,"href":"https:\/\/sites.ffkarate.fr\/cdkcotesdarmor\/wp-json\/wp\/v2\/tags?post=2894"}],"curies":[{"name":"wp","href":"https:\/\/api.w.org\/{rel}","templated":true}]}}