{"id":2993,"date":"2023-12-19T17:10:00","date_gmt":"2023-12-19T16:10:00","guid":{"rendered":"https:\/\/sites.ffkarate.fr\/cdkcotesdarmor\/?p=2993"},"modified":"2023-12-19T17:10:00","modified_gmt":"2023-12-19T16:10:00","slug":"une-belle-participation-pour-le-stage-club-defenses-contre-armes-a-plerin","status":"publish","type":"post","link":"https:\/\/sites.ffkarate.fr\/cdkcotesdarmor\/2023\/12\/19\/une-belle-participation-pour-le-stage-club-defenses-contre-armes-a-plerin\/","title":{"rendered":"Une belle participation pour le stage club  d\u00e9fenses contre armes \u00e0 Pl\u00e9rin"},"content":{"rendered":"<div class=\"wpb-content-wrapper\"><p>[vc_row][vc_column][vc_column_text]Plus de 25 pratiquants ont r\u00e9pondu \u00e0 l&rsquo;invitation de l&rsquo;Ecole Pl\u00e9rinaise d&rsquo;Arts Martiaux \u00e0 Pl\u00e9rin.\u00a0 Les 3 professeurs du club ont consacr\u00e9 l&rsquo;apr\u00e8s midi du 16 d\u00e9cembre \u00e0 l&rsquo;enseignement de la d\u00e9fense contre armes : b\u00e2ton long, b\u00e2ton court et couteau.<\/p>\n<p>Merci \u00e0 :<\/p>\n<p>Jean-Pierre HAMON 4\u00e8me DAN\u00a0 et Pr\u00e9sident du club<\/p>\n<p><img decoding=\"async\" class=\"alignnone size-medium wp-image-2997\" src=\"https:\/\/sites.ffkarate.fr\/cdkcotesdarmor\/wp-content\/uploads\/sites\/36\/2023\/12\/410182191_835918048543053_1187119045554803895_n-300x225.jpg\" alt=\"\" width=\"300\" height=\"225\" srcset=\"https:\/\/sites.ffkarate.fr\/cdkcotesdarmor\/wp-content\/uploads\/sites\/36\/2023\/12\/410182191_835918048543053_1187119045554803895_n-300x225.jpg 300w, https:\/\/sites.ffkarate.fr\/cdkcotesdarmor\/wp-content\/uploads\/sites\/36\/2023\/12\/410182191_835918048543053_1187119045554803895_n-400x300.jpg 400w, https:\/\/sites.ffkarate.fr\/cdkcotesdarmor\/wp-content\/uploads\/sites\/36\/2023\/12\/410182191_835918048543053_1187119045554803895_n.jpg 720w\" sizes=\"(max-width: 300px) 100vw, 300px\" \/><\/p>\n<p>Loic KERVINIO 5\u00e8me DAN<\/p>\n<p><img decoding=\"async\" class=\"alignnone size-medium wp-image-2992\" src=\"https:\/\/sites.ffkarate.fr\/cdkcotesdarmor\/wp-content\/uploads\/sites\/36\/2023\/12\/411459534_835918411876350_2055755773437975829_n-300x169.jpg\" alt=\"\" width=\"300\" height=\"169\" srcset=\"https:\/\/sites.ffkarate.fr\/cdkcotesdarmor\/wp-content\/uploads\/sites\/36\/2023\/12\/411459534_835918411876350_2055755773437975829_n-300x169.jpg 300w, https:\/\/sites.ffkarate.fr\/cdkcotesdarmor\/wp-content\/uploads\/sites\/36\/2023\/12\/411459534_835918411876350_2055755773437975829_n-1024x577.jpg 1024w, https:\/\/sites.ffkarate.fr\/cdkcotesdarmor\/wp-content\/uploads\/sites\/36\/2023\/12\/411459534_835918411876350_2055755773437975829_n-768x433.jpg 768w, https:\/\/sites.ffkarate.fr\/cdkcotesdarmor\/wp-content\/uploads\/sites\/36\/2023\/12\/411459534_835918411876350_2055755773437975829_n-1536x865.jpg 1536w, https:\/\/sites.ffkarate.fr\/cdkcotesdarmor\/wp-content\/uploads\/sites\/36\/2023\/12\/411459534_835918411876350_2055755773437975829_n.jpg 1734w\" sizes=\"(max-width: 300px) 100vw, 300px\" \/><\/p>\n<p>Yves LECHAT, 6\u00e8me DAN<\/p>\n<p><img decoding=\"async\" class=\"alignnone size-medium wp-image-2999\" src=\"https:\/\/sites.ffkarate.fr\/cdkcotesdarmor\/wp-content\/uploads\/sites\/36\/2023\/12\/410184948_835918078543050_7289273614117849890_n-300x225.jpg\" alt=\"\" width=\"300\" height=\"225\" srcset=\"https:\/\/sites.ffkarate.fr\/cdkcotesdarmor\/wp-content\/uploads\/sites\/36\/2023\/12\/410184948_835918078543050_7289273614117849890_n-300x225.jpg 300w, https:\/\/sites.ffkarate.fr\/cdkcotesdarmor\/wp-content\/uploads\/sites\/36\/2023\/12\/410184948_835918078543050_7289273614117849890_n-400x300.jpg 400w, https:\/\/sites.ffkarate.fr\/cdkcotesdarmor\/wp-content\/uploads\/sites\/36\/2023\/12\/410184948_835918078543050_7289273614117849890_n.jpg 720w\" sizes=\"(max-width: 300px) 100vw, 300px\" \/><\/p>\n<p>pour cette belle initiative.<\/p>\n<p>&nbsp;<\/p>\n<p>&nbsp;<\/p>\n<p>&nbsp;<\/p>\n<p>&nbsp;<\/p>\n<p>&nbsp;<\/p>\n<p>&nbsp;<\/p>\n<p>&nbsp;<\/p>\n<p>[\/vc_column_text][\/vc_column][\/vc_row]<\/p>\n<\/div>","protected":false},"excerpt":{"rendered":"<p>[vc_row][vc_column][vc_column_text]Plus de 25 pratiquants ont r\u00e9pondu \u00e0 l&rsquo;invitation de l&rsquo;Ecole Pl\u00e9rinaise d&rsquo;Arts Martiaux \u00e0 Pl\u00e9rin.\u00a0 Les 3 professeurs du club ont consacr\u00e9 l&rsquo;apr\u00e8s midi du 16 d\u00e9cembre \u00e0 l&rsquo;enseignement de la d\u00e9fense contre armes : b\u00e2ton long, b\u00e2ton court et couteau. Merci \u00e0 : Jean-Pierre HAMON 4\u00e8me DAN\u00a0 et Pr\u00e9sident du club Loic KERVINIO 5\u00e8me [&hellip;]<\/p>\n","protected":false},"author":64,"featured_media":2989,"comment_status":"closed","ping_status":"closed","sticky":false,"template":"","format":"standard","meta":{"footnotes":""},"categories":[18],"tags":[],"class_list":["post-2993","post","type-post","status-publish","format-standard","hentry","category-vie-des-clubs"],"_links":{"self":[{"href":"https:\/\/sites.ffkarate.fr\/cdkcotesdarmor\/wp-json\/wp\/v2\/posts\/2993","targetHints":{"allow":["GET"]}}],"collection":[{"href":"https:\/\/sites.ffkarate.fr\/cdkcotesdarmor\/wp-json\/wp\/v2\/posts"}],"about":[{"href":"https:\/\/sites.ffkarate.fr\/cdkcotesdarmor\/wp-json\/wp\/v2\/types\/post"}],"author":[{"embeddable":true,"href":"https:\/\/sites.ffkarate.fr\/cdkcotesdarmor\/wp-json\/wp\/v2\/users\/64"}],"replies":[{"embeddable":true,"href":"https:\/\/sites.ffkarate.fr\/cdkcotesdarmor\/wp-json\/wp\/v2\/comments?post=2993"}],"version-history":[{"count":7,"href":"https:\/\/sites.ffkarate.fr\/cdkcotesdarmor\/wp-json\/wp\/v2\/posts\/2993\/revisions"}],"predecessor-version":[{"id":3002,"href":"https:\/\/sites.ffkarate.fr\/cdkcotesdarmor\/wp-json\/wp\/v2\/posts\/2993\/revisions\/3002"}],"wp:featuredmedia":[{"embeddable":true,"href":"https:\/\/sites.ffkarate.fr\/cdkcotesdarmor\/wp-json\/wp\/v2\/media\/2989"}],"wp:attachment":[{"href":"https:\/\/sites.ffkarate.fr\/cdkcotesdarmor\/wp-json\/wp\/v2\/media?parent=2993"}],"wp:term":[{"taxonomy":"category","embeddable":true,"href":"https:\/\/sites.ffkarate.fr\/cdkcotesdarmor\/wp-json\/wp\/v2\/categories?post=2993"},{"taxonomy":"post_tag","embeddable":true,"href":"https:\/\/sites.ffkarate.fr\/cdkcotesdarmor\/wp-json\/wp\/v2\/tags?post=2993"}],"curies":[{"name":"wp","href":"https:\/\/api.w.org\/{rel}","templated":true}]}}