{"id":3160,"date":"2024-03-04T15:54:02","date_gmt":"2024-03-04T14:54:02","guid":{"rendered":"https:\/\/sites.ffkarate.fr\/cdkcotesdarmor\/?p=3160"},"modified":"2024-03-11T13:00:13","modified_gmt":"2024-03-11T12:00:13","slug":"3-podiums-pour-le-full-karate-club-du-leff-aux-opens-internationaux-karate-light-et-light-full-contact-a-paris","status":"publish","type":"post","link":"https:\/\/sites.ffkarate.fr\/cdkcotesdarmor\/2024\/03\/04\/3-podiums-pour-le-full-karate-club-du-leff-aux-opens-internationaux-karate-light-et-light-full-contact-a-paris\/","title":{"rendered":"3 podiums pour le Full Karat\u00e9 Club du Leff aux Opens Internationaux Karat\u00e9 Light et Light Full Contact \u00e0 Paris"},"content":{"rendered":"<div class=\"wpb-content-wrapper\"><p>[vc_row][vc_column][vc_column_text]Les comp\u00e9titeurs du Full Karat\u00e9 Club du Leff\u00a0 sont une nouvelle fois \u00e0 l&rsquo;honneur \u00e0 Paris les 24 et 25 f\u00e9vrier\u00a0 pour les deux opens internationaux qui se sont d\u00e9roul\u00e9s sur les rings\u00a0 f\u00e9d\u00e9raux .<\/p>\n<p style=\"text-align: center\"><strong>Open International Karat\u00e9 Light contact 24 f\u00e9vrier<\/strong><\/p>\n<p><img decoding=\"async\" class=\"alignnone size-medium wp-image-3159\" src=\"https:\/\/sites.ffkarate.fr\/cdkcotesdarmor\/wp-content\/uploads\/sites\/36\/2024\/03\/international-light-et-full-contact-24-25-02-2024-Titouan-Tirel-3eme-300x200.jpg\" alt=\"\" width=\"300\" height=\"200\" srcset=\"https:\/\/sites.ffkarate.fr\/cdkcotesdarmor\/wp-content\/uploads\/sites\/36\/2024\/03\/international-light-et-full-contact-24-25-02-2024-Titouan-Tirel-3eme-300x200.jpg 300w, https:\/\/sites.ffkarate.fr\/cdkcotesdarmor\/wp-content\/uploads\/sites\/36\/2024\/03\/international-light-et-full-contact-24-25-02-2024-Titouan-Tirel-3eme-1024x681.jpg 1024w, https:\/\/sites.ffkarate.fr\/cdkcotesdarmor\/wp-content\/uploads\/sites\/36\/2024\/03\/international-light-et-full-contact-24-25-02-2024-Titouan-Tirel-3eme-768x511.jpg 768w, https:\/\/sites.ffkarate.fr\/cdkcotesdarmor\/wp-content\/uploads\/sites\/36\/2024\/03\/international-light-et-full-contact-24-25-02-2024-Titouan-Tirel-3eme-1536x1022.jpg 1536w, https:\/\/sites.ffkarate.fr\/cdkcotesdarmor\/wp-content\/uploads\/sites\/36\/2024\/03\/international-light-et-full-contact-24-25-02-2024-Titouan-Tirel-3eme-2048x1362.jpg 2048w\" sizes=\"(max-width: 300px) 100vw, 300px\" \/><\/p>\n<p>Cadet moins de 70 kg\u00a0 \u00a0Titouan TIREL 3\u00e8me<\/p>\n<p>&nbsp;<\/p>\n<p style=\"text-align: center\"><strong>Open International Light Full Contact 25 f\u00e9vrier<\/strong><\/p>\n<p><img decoding=\"async\" class=\"alignnone size-medium wp-image-3158\" src=\"https:\/\/sites.ffkarate.fr\/cdkcotesdarmor\/wp-content\/uploads\/sites\/36\/2024\/03\/international-light-et-full-contact-24-25-02-2024-kelvin-Hellio-2eme-300x200.jpg\" alt=\"\" width=\"300\" height=\"200\" srcset=\"https:\/\/sites.ffkarate.fr\/cdkcotesdarmor\/wp-content\/uploads\/sites\/36\/2024\/03\/international-light-et-full-contact-24-25-02-2024-kelvin-Hellio-2eme-300x200.jpg 300w, https:\/\/sites.ffkarate.fr\/cdkcotesdarmor\/wp-content\/uploads\/sites\/36\/2024\/03\/international-light-et-full-contact-24-25-02-2024-kelvin-Hellio-2eme-1024x681.jpg 1024w, https:\/\/sites.ffkarate.fr\/cdkcotesdarmor\/wp-content\/uploads\/sites\/36\/2024\/03\/international-light-et-full-contact-24-25-02-2024-kelvin-Hellio-2eme-768x511.jpg 768w, https:\/\/sites.ffkarate.fr\/cdkcotesdarmor\/wp-content\/uploads\/sites\/36\/2024\/03\/international-light-et-full-contact-24-25-02-2024-kelvin-Hellio-2eme-1536x1022.jpg 1536w, https:\/\/sites.ffkarate.fr\/cdkcotesdarmor\/wp-content\/uploads\/sites\/36\/2024\/03\/international-light-et-full-contact-24-25-02-2024-kelvin-Hellio-2eme-2048x1362.jpg 2048w\" sizes=\"(max-width: 300px) 100vw, 300px\" \/><\/p>\n<p>Junior Moins de 80 kg\u00a0 Kelvin HELLIO\u00a0 2\u00e8me<\/p>\n<p>&nbsp;<\/p>\n<p><img decoding=\"async\" class=\"alignnone size-medium wp-image-3157\" src=\"https:\/\/sites.ffkarate.fr\/cdkcotesdarmor\/wp-content\/uploads\/sites\/36\/2024\/03\/international-light-et-full-contact-24-25-02-2024-Jeremy-Lemaitre-2eme-300x200.jpg\" alt=\"\" width=\"300\" height=\"200\" srcset=\"https:\/\/sites.ffkarate.fr\/cdkcotesdarmor\/wp-content\/uploads\/sites\/36\/2024\/03\/international-light-et-full-contact-24-25-02-2024-Jeremy-Lemaitre-2eme-300x200.jpg 300w, https:\/\/sites.ffkarate.fr\/cdkcotesdarmor\/wp-content\/uploads\/sites\/36\/2024\/03\/international-light-et-full-contact-24-25-02-2024-Jeremy-Lemaitre-2eme-1024x681.jpg 1024w, https:\/\/sites.ffkarate.fr\/cdkcotesdarmor\/wp-content\/uploads\/sites\/36\/2024\/03\/international-light-et-full-contact-24-25-02-2024-Jeremy-Lemaitre-2eme-768x511.jpg 768w, https:\/\/sites.ffkarate.fr\/cdkcotesdarmor\/wp-content\/uploads\/sites\/36\/2024\/03\/international-light-et-full-contact-24-25-02-2024-Jeremy-Lemaitre-2eme-1536x1022.jpg 1536w, https:\/\/sites.ffkarate.fr\/cdkcotesdarmor\/wp-content\/uploads\/sites\/36\/2024\/03\/international-light-et-full-contact-24-25-02-2024-Jeremy-Lemaitre-2eme-2048x1362.jpg 2048w\" sizes=\"(max-width: 300px) 100vw, 300px\" \/><\/p>\n<p>S\u00e9niors moins de 56 kg\u00a0 J\u00e9r\u00e9my LEMAITRE\u00a0 2\u00e8me<\/p>\n<p><strong>Bravo aux gar\u00e7ons et \u00e0 leurs entraineurs\u00a0 Eric AUDEBERT et L\u00e9ny RABET<\/strong><\/p>\n<p>L\u00e9ny tr\u00e8s concentr\u00e9 (au centre de la photo) lors d&rsquo;un des deux briefings des coachs.<\/p>\n<p><img decoding=\"async\" class=\"alignnone size-medium wp-image-3167\" src=\"https:\/\/sites.ffkarate.fr\/cdkcotesdarmor\/wp-content\/uploads\/sites\/36\/2024\/03\/Brief-des-coachs-International-Ligh-et-Full-contact-300x200.jpg\" alt=\"\" width=\"300\" height=\"200\" srcset=\"https:\/\/sites.ffkarate.fr\/cdkcotesdarmor\/wp-content\/uploads\/sites\/36\/2024\/03\/Brief-des-coachs-International-Ligh-et-Full-contact-300x200.jpg 300w, https:\/\/sites.ffkarate.fr\/cdkcotesdarmor\/wp-content\/uploads\/sites\/36\/2024\/03\/Brief-des-coachs-International-Ligh-et-Full-contact-1024x681.jpg 1024w, https:\/\/sites.ffkarate.fr\/cdkcotesdarmor\/wp-content\/uploads\/sites\/36\/2024\/03\/Brief-des-coachs-International-Ligh-et-Full-contact-768x511.jpg 768w, https:\/\/sites.ffkarate.fr\/cdkcotesdarmor\/wp-content\/uploads\/sites\/36\/2024\/03\/Brief-des-coachs-International-Ligh-et-Full-contact-1536x1022.jpg 1536w, https:\/\/sites.ffkarate.fr\/cdkcotesdarmor\/wp-content\/uploads\/sites\/36\/2024\/03\/Brief-des-coachs-International-Ligh-et-Full-contact-2048x1362.jpg 2048w\" sizes=\"(max-width: 300px) 100vw, 300px\" \/>[\/vc_column_text][\/vc_column][\/vc_row]<\/p>\n<\/div>","protected":false},"excerpt":{"rendered":"<p>[vc_row][vc_column][vc_column_text]Les comp\u00e9titeurs du Full Karat\u00e9 Club du Leff\u00a0 sont une nouvelle fois \u00e0 l&rsquo;honneur \u00e0 Paris les 24 et 25 f\u00e9vrier\u00a0 pour les deux opens internationaux qui se sont d\u00e9roul\u00e9s sur les rings\u00a0 f\u00e9d\u00e9raux . Open International Karat\u00e9 Light contact 24 f\u00e9vrier Cadet moins de 70 kg\u00a0 \u00a0Titouan TIREL 3\u00e8me &nbsp; Open International Light Full [&hellip;]<\/p>\n","protected":false},"author":64,"featured_media":3185,"comment_status":"closed","ping_status":"closed","sticky":false,"template":"","format":"standard","meta":{"footnotes":""},"categories":[10],"tags":[],"class_list":["post-3160","post","type-post","status-publish","format-standard","hentry","category-competitions"],"_links":{"self":[{"href":"https:\/\/sites.ffkarate.fr\/cdkcotesdarmor\/wp-json\/wp\/v2\/posts\/3160","targetHints":{"allow":["GET"]}}],"collection":[{"href":"https:\/\/sites.ffkarate.fr\/cdkcotesdarmor\/wp-json\/wp\/v2\/posts"}],"about":[{"href":"https:\/\/sites.ffkarate.fr\/cdkcotesdarmor\/wp-json\/wp\/v2\/types\/post"}],"author":[{"embeddable":true,"href":"https:\/\/sites.ffkarate.fr\/cdkcotesdarmor\/wp-json\/wp\/v2\/users\/64"}],"replies":[{"embeddable":true,"href":"https:\/\/sites.ffkarate.fr\/cdkcotesdarmor\/wp-json\/wp\/v2\/comments?post=3160"}],"version-history":[{"count":7,"href":"https:\/\/sites.ffkarate.fr\/cdkcotesdarmor\/wp-json\/wp\/v2\/posts\/3160\/revisions"}],"predecessor-version":[{"id":3165,"href":"https:\/\/sites.ffkarate.fr\/cdkcotesdarmor\/wp-json\/wp\/v2\/posts\/3160\/revisions\/3165"}],"wp:featuredmedia":[{"embeddable":true,"href":"https:\/\/sites.ffkarate.fr\/cdkcotesdarmor\/wp-json\/wp\/v2\/media\/3185"}],"wp:attachment":[{"href":"https:\/\/sites.ffkarate.fr\/cdkcotesdarmor\/wp-json\/wp\/v2\/media?parent=3160"}],"wp:term":[{"taxonomy":"category","embeddable":true,"href":"https:\/\/sites.ffkarate.fr\/cdkcotesdarmor\/wp-json\/wp\/v2\/categories?post=3160"},{"taxonomy":"post_tag","embeddable":true,"href":"https:\/\/sites.ffkarate.fr\/cdkcotesdarmor\/wp-json\/wp\/v2\/tags?post=3160"}],"curies":[{"name":"wp","href":"https:\/\/api.w.org\/{rel}","templated":true}]}}