{"id":3194,"date":"2024-03-17T11:45:54","date_gmt":"2024-03-17T10:45:54","guid":{"rendered":"https:\/\/sites.ffkarate.fr\/cdkcotesdarmor\/?p=3194"},"modified":"2024-07-19T15:10:26","modified_gmt":"2024-07-19T13:10:26","slug":"des-enfants-attentifs-et-motives-lors-du-stage-initiation-competition-combat-karate-a-crehen","status":"publish","type":"post","link":"https:\/\/sites.ffkarate.fr\/cdkcotesdarmor\/2024\/03\/17\/des-enfants-attentifs-et-motives-lors-du-stage-initiation-competition-combat-karate-a-crehen\/","title":{"rendered":"Des participants  attentifs et motiv\u00e9s lors du stage D\u00e9partemental  initiation Comp\u00e9tition Combat Karat\u00e9 \u00e0 Cr\u00e9hen"},"content":{"rendered":"<div class=\"wpb-content-wrapper\"><p>[vc_row][vc_column][vc_column_text]S&rsquo;engager dans la voie comp\u00e9tition n&rsquo;est pas syst\u00e9matique pour les pratiquants karat\u00e9.<\/p>\n<p>D\u00e9couvrir les r\u00e8gles\u00a0 \u00e0 respecter et mettre en\u00a0 pratique est un plus tant pour les enfants que pour rassurer les parents.\u00a016 enfants\u00a0 ont pu en b\u00e9n\u00e9ficier \u00e0 Cr\u00e9hen le samedi 16 mars et ont \u00e9t\u00e9 attentifs aux conseils prodigu\u00e9s par Laurent LEFRANCOIS professeur au sein de 2 clubs costarmoricains et Expert R\u00e9gional 7\u00e8me dan.<\/p>\n<p>Apr\u00e8s les conseils la mise en pratique\u00a0 sous le regard\u00a0 aiguis\u00e9 des plus exp\u00e9riment\u00e9s\u00a0 :<\/p>\n<p><img decoding=\"async\" class=\"alignnone size-medium wp-image-3193\" src=\"https:\/\/sites.ffkarate.fr\/cdkcotesdarmor\/wp-content\/uploads\/sites\/36\/2024\/03\/crehen-init-4-300x135.jpg\" alt=\"\" width=\"300\" height=\"135\" srcset=\"https:\/\/sites.ffkarate.fr\/cdkcotesdarmor\/wp-content\/uploads\/sites\/36\/2024\/03\/crehen-init-4-300x135.jpg 300w, https:\/\/sites.ffkarate.fr\/cdkcotesdarmor\/wp-content\/uploads\/sites\/36\/2024\/03\/crehen-init-4-1024x461.jpg 1024w, https:\/\/sites.ffkarate.fr\/cdkcotesdarmor\/wp-content\/uploads\/sites\/36\/2024\/03\/crehen-init-4-768x346.jpg 768w, https:\/\/sites.ffkarate.fr\/cdkcotesdarmor\/wp-content\/uploads\/sites\/36\/2024\/03\/crehen-init-4-1536x691.jpg 1536w, https:\/\/sites.ffkarate.fr\/cdkcotesdarmor\/wp-content\/uploads\/sites\/36\/2024\/03\/crehen-init-4-2048x922.jpg 2048w\" sizes=\"(max-width: 300px) 100vw, 300px\" \/><img decoding=\"async\" class=\"alignnone size-medium wp-image-3192\" src=\"https:\/\/sites.ffkarate.fr\/cdkcotesdarmor\/wp-content\/uploads\/sites\/36\/2024\/03\/crehen-init-3-300x135.jpg\" alt=\"\" width=\"300\" height=\"135\" srcset=\"https:\/\/sites.ffkarate.fr\/cdkcotesdarmor\/wp-content\/uploads\/sites\/36\/2024\/03\/crehen-init-3-300x135.jpg 300w, https:\/\/sites.ffkarate.fr\/cdkcotesdarmor\/wp-content\/uploads\/sites\/36\/2024\/03\/crehen-init-3-1024x461.jpg 1024w, https:\/\/sites.ffkarate.fr\/cdkcotesdarmor\/wp-content\/uploads\/sites\/36\/2024\/03\/crehen-init-3-768x346.jpg 768w, https:\/\/sites.ffkarate.fr\/cdkcotesdarmor\/wp-content\/uploads\/sites\/36\/2024\/03\/crehen-init-3-1536x691.jpg 1536w, https:\/\/sites.ffkarate.fr\/cdkcotesdarmor\/wp-content\/uploads\/sites\/36\/2024\/03\/crehen-init-3-2048x922.jpg 2048w\" sizes=\"(max-width: 300px) 100vw, 300px\" \/><\/p>\n<p>Pour les plus grands<\/p>\n<ul>\n<li>un peu de travail de condition physique :<\/li>\n<\/ul>\n<p><img decoding=\"async\" class=\"alignnone size-medium wp-image-3214\" src=\"https:\/\/sites.ffkarate.fr\/cdkcotesdarmor\/wp-content\/uploads\/sites\/36\/2024\/03\/20240316_151322-300x135.jpg\" alt=\"\" width=\"300\" height=\"135\" srcset=\"https:\/\/sites.ffkarate.fr\/cdkcotesdarmor\/wp-content\/uploads\/sites\/36\/2024\/03\/20240316_151322-300x135.jpg 300w, https:\/\/sites.ffkarate.fr\/cdkcotesdarmor\/wp-content\/uploads\/sites\/36\/2024\/03\/20240316_151322-1024x461.jpg 1024w, https:\/\/sites.ffkarate.fr\/cdkcotesdarmor\/wp-content\/uploads\/sites\/36\/2024\/03\/20240316_151322-768x346.jpg 768w, https:\/\/sites.ffkarate.fr\/cdkcotesdarmor\/wp-content\/uploads\/sites\/36\/2024\/03\/20240316_151322-1536x691.jpg 1536w, https:\/\/sites.ffkarate.fr\/cdkcotesdarmor\/wp-content\/uploads\/sites\/36\/2024\/03\/20240316_151322-2048x922.jpg 2048w\" sizes=\"(max-width: 300px) 100vw, 300px\" \/><\/p>\n<ul>\n<li>de la mise en pratique<\/li>\n<\/ul>\n<p><img decoding=\"async\" class=\"alignnone size-medium wp-image-3216\" src=\"https:\/\/sites.ffkarate.fr\/cdkcotesdarmor\/wp-content\/uploads\/sites\/36\/2024\/03\/20240316_152709-300x135.jpg\" alt=\"\" width=\"300\" height=\"135\" srcset=\"https:\/\/sites.ffkarate.fr\/cdkcotesdarmor\/wp-content\/uploads\/sites\/36\/2024\/03\/20240316_152709-300x135.jpg 300w, https:\/\/sites.ffkarate.fr\/cdkcotesdarmor\/wp-content\/uploads\/sites\/36\/2024\/03\/20240316_152709-1024x461.jpg 1024w, https:\/\/sites.ffkarate.fr\/cdkcotesdarmor\/wp-content\/uploads\/sites\/36\/2024\/03\/20240316_152709-768x346.jpg 768w, https:\/\/sites.ffkarate.fr\/cdkcotesdarmor\/wp-content\/uploads\/sites\/36\/2024\/03\/20240316_152709-1536x691.jpg 1536w, https:\/\/sites.ffkarate.fr\/cdkcotesdarmor\/wp-content\/uploads\/sites\/36\/2024\/03\/20240316_152709-2048x922.jpg 2048w\" sizes=\"(max-width: 300px) 100vw, 300px\" \/><img decoding=\"async\" class=\"alignnone size-medium wp-image-3215\" src=\"https:\/\/sites.ffkarate.fr\/cdkcotesdarmor\/wp-content\/uploads\/sites\/36\/2024\/03\/20240316_152700-300x135.jpg\" alt=\"\" width=\"300\" height=\"135\" srcset=\"https:\/\/sites.ffkarate.fr\/cdkcotesdarmor\/wp-content\/uploads\/sites\/36\/2024\/03\/20240316_152700-300x135.jpg 300w, https:\/\/sites.ffkarate.fr\/cdkcotesdarmor\/wp-content\/uploads\/sites\/36\/2024\/03\/20240316_152700-1024x461.jpg 1024w, https:\/\/sites.ffkarate.fr\/cdkcotesdarmor\/wp-content\/uploads\/sites\/36\/2024\/03\/20240316_152700-768x346.jpg 768w, https:\/\/sites.ffkarate.fr\/cdkcotesdarmor\/wp-content\/uploads\/sites\/36\/2024\/03\/20240316_152700-1536x691.jpg 1536w, https:\/\/sites.ffkarate.fr\/cdkcotesdarmor\/wp-content\/uploads\/sites\/36\/2024\/03\/20240316_152700-2048x922.jpg 2048w\" sizes=\"(max-width: 300px) 100vw, 300px\" \/><\/p>\n<ul>\n<li>sans oublier la photo souvenir :<\/li>\n<\/ul>\n<p><img decoding=\"async\" class=\"alignnone size-medium wp-image-3213\" src=\"https:\/\/sites.ffkarate.fr\/cdkcotesdarmor\/wp-content\/uploads\/sites\/36\/2024\/03\/20240316_151112-300x135.jpg\" alt=\"\" width=\"300\" height=\"135\" srcset=\"https:\/\/sites.ffkarate.fr\/cdkcotesdarmor\/wp-content\/uploads\/sites\/36\/2024\/03\/20240316_151112-300x135.jpg 300w, https:\/\/sites.ffkarate.fr\/cdkcotesdarmor\/wp-content\/uploads\/sites\/36\/2024\/03\/20240316_151112-1024x461.jpg 1024w, https:\/\/sites.ffkarate.fr\/cdkcotesdarmor\/wp-content\/uploads\/sites\/36\/2024\/03\/20240316_151112-768x346.jpg 768w, https:\/\/sites.ffkarate.fr\/cdkcotesdarmor\/wp-content\/uploads\/sites\/36\/2024\/03\/20240316_151112-1536x691.jpg 1536w, https:\/\/sites.ffkarate.fr\/cdkcotesdarmor\/wp-content\/uploads\/sites\/36\/2024\/03\/20240316_151112-2048x922.jpg 2048w\" sizes=\"(max-width: 300px) 100vw, 300px\" \/><\/p>\n<p>Merci \u00e0 Laurent et aux b\u00e9n\u00e9voles du Karat\u00e9 Club de l&rsquo;Arguenon\u00a0 pour ce premier stage d\u00e9partemental dans l&rsquo;est du d\u00e9partement.<\/p>\n<p>Le second stage\u00a0 d\u00e9partemental est pr\u00e9vu le samedi 23 mars \u00e0 Trevou Treguignec (rubrique calendrier du site) sous la direction d&rsquo;Alain Jegou[\/vc_column_text][\/vc_column][\/vc_row]<\/p>\n<\/div>","protected":false},"excerpt":{"rendered":"<p>[vc_row][vc_column][vc_column_text]S&rsquo;engager dans la voie comp\u00e9tition n&rsquo;est pas syst\u00e9matique pour les pratiquants karat\u00e9. D\u00e9couvrir les r\u00e8gles\u00a0 \u00e0 respecter et mettre en\u00a0 pratique est un plus tant pour les enfants que pour rassurer les parents.\u00a016 enfants\u00a0 ont pu en b\u00e9n\u00e9ficier \u00e0 Cr\u00e9hen le samedi 16 mars et ont \u00e9t\u00e9 attentifs aux conseils prodigu\u00e9s par Laurent LEFRANCOIS professeur [&hellip;]<\/p>\n","protected":false},"author":64,"featured_media":3191,"comment_status":"closed","ping_status":"closed","sticky":false,"template":"","format":"standard","meta":{"footnotes":""},"categories":[10],"tags":[],"class_list":["post-3194","post","type-post","status-publish","format-standard","hentry","category-competitions"],"_links":{"self":[{"href":"https:\/\/sites.ffkarate.fr\/cdkcotesdarmor\/wp-json\/wp\/v2\/posts\/3194","targetHints":{"allow":["GET"]}}],"collection":[{"href":"https:\/\/sites.ffkarate.fr\/cdkcotesdarmor\/wp-json\/wp\/v2\/posts"}],"about":[{"href":"https:\/\/sites.ffkarate.fr\/cdkcotesdarmor\/wp-json\/wp\/v2\/types\/post"}],"author":[{"embeddable":true,"href":"https:\/\/sites.ffkarate.fr\/cdkcotesdarmor\/wp-json\/wp\/v2\/users\/64"}],"replies":[{"embeddable":true,"href":"https:\/\/sites.ffkarate.fr\/cdkcotesdarmor\/wp-json\/wp\/v2\/comments?post=3194"}],"version-history":[{"count":6,"href":"https:\/\/sites.ffkarate.fr\/cdkcotesdarmor\/wp-json\/wp\/v2\/posts\/3194\/revisions"}],"predecessor-version":[{"id":3218,"href":"https:\/\/sites.ffkarate.fr\/cdkcotesdarmor\/wp-json\/wp\/v2\/posts\/3194\/revisions\/3218"}],"wp:featuredmedia":[{"embeddable":true,"href":"https:\/\/sites.ffkarate.fr\/cdkcotesdarmor\/wp-json\/wp\/v2\/media\/3191"}],"wp:attachment":[{"href":"https:\/\/sites.ffkarate.fr\/cdkcotesdarmor\/wp-json\/wp\/v2\/media?parent=3194"}],"wp:term":[{"taxonomy":"category","embeddable":true,"href":"https:\/\/sites.ffkarate.fr\/cdkcotesdarmor\/wp-json\/wp\/v2\/categories?post=3194"},{"taxonomy":"post_tag","embeddable":true,"href":"https:\/\/sites.ffkarate.fr\/cdkcotesdarmor\/wp-json\/wp\/v2\/tags?post=3194"}],"curies":[{"name":"wp","href":"https:\/\/api.w.org\/{rel}","templated":true}]}}