{"id":3219,"date":"2024-03-31T18:54:45","date_gmt":"2024-03-31T16:54:45","guid":{"rendered":"https:\/\/sites.ffkarate.fr\/cdkcotesdarmor\/?p=3219"},"modified":"2024-07-19T15:02:49","modified_gmt":"2024-07-19T13:02:49","slug":"une-belle-moisson-de-medailles-pour-lepam-en-coupe-de-france-nihon-tai-jitsu","status":"publish","type":"post","link":"https:\/\/sites.ffkarate.fr\/cdkcotesdarmor\/2024\/03\/31\/une-belle-moisson-de-medailles-pour-lepam-en-coupe-de-france-nihon-tai-jitsu\/","title":{"rendered":"Une belle moisson de m\u00e9dailles pour l&rsquo;EPAM en Coupe de France Nihon Tai Jitsu"},"content":{"rendered":"<div class=\"wpb-content-wrapper\"><p>[vc_row][vc_column][vc_column_text]<\/p>\n<p style=\"text-align: center\">Jean-Pierre Hamon (1er rang \u00e0 droite) et ses \u00e9l\u00e8ves<\/p>\n<p>&nbsp;<\/p>\n<p>Les comp\u00e9titeurs de la section Nihon Tai Jistu de l&rsquo;Ecole Pl\u00e9rinaise d&rsquo;Arts Martiaux sont rentr\u00e9s heureux de leur d\u00e9placement \u00e0 la Coupe de France Nihon Tai Jistu qui s&rsquo;est tenue \u00e0 Lorient les 23 et 24 mars.<\/p>\n<p><span style=\"font-family: Calibri\"><u>Comp\u00e9tition enfants:<\/u><br \/>\n<\/span><span style=\"font-family: Calibri\">GENTA No\u00e9: m\u00e9daille d&rsquo;or en kata, m\u00e9daille d&rsquo;or en randori pr\u00e9par\u00e9 et m\u00e9daille de bronze en goshin<br \/>\n<\/span><span style=\"font-family: Calibri\">GIESE Camille: m\u00e9daille d&rsquo;or en kata<\/span><br \/>\n<span style=\"font-family: Calibri\">ADAM Simon: m\u00e9daille d&rsquo;or en randori pr\u00e9par\u00e9<br \/>\nRENOUARD Cl\u00e9ment: m\u00e9daille d&rsquo;argent en goshin<br \/>\nGOAZIOU Sim\u00e9on: m\u00e9daille d&rsquo;argent en goshin<br \/>\nNICOLAS Eileen: m\u00e9daille de bronze en randori pr\u00e9par\u00e9<br \/>\nABDELHAMID S\u00e9r\u00e9na: m\u00e9daille de bronze en randori pr\u00e9par\u00e9<\/span><\/p>\n<p><u>Comp\u00e9tition adolescent\/adultes:<\/u><br \/>\nCOLLET Ewen: m\u00e9daille d&rsquo;or en kata individuel, m\u00e9daille d&rsquo;argent en kata en \u00e9quipe, m\u00e9daille de bronze en shiai<br \/>\nLECOEUR Martin: m\u00e9daille d&rsquo;or en shiai<br \/>\nFRANCOIS Axel: m\u00e9daille d&rsquo;or en shiai<br \/>\nGIESE Nicolas: m\u00e9daille d&rsquo;or en shiai<br \/>\nANTIER Giovanni: m\u00e9daille d&rsquo;argent en shiai et m\u00e9daille de bronze en kata individuel<br \/>\nDEMOY Cl\u00e9ment: m\u00e9daille d&rsquo;argent en kata individuel, m\u00e9daille d&rsquo;argent en shiai et m\u00e9daille de bronze en goshin<br \/>\nJACHIMIAK Nathalie: m\u00e9daille d&rsquo;argent en kata en \u00e9quipe et m\u00e9daille de bronze en goshin<\/p>\n<p>Bravo \u00e0 toutes et \u00e0 tous\u00a0 et bravo \u00e0 leurs professeurs\u00a0 :<\/p>\n<ul>\n<li>Nathalie Jachimiak 1er dan<\/li>\n<li>Jean-Pierre Hamon 4\u00e8me dan<\/li>\n<li>Loic Kervinio 5\u00e8me dan<\/li>\n<li>Yves Le Chat 6\u00e8me dan<\/li>\n<\/ul>\n<p>[\/vc_column_text][\/vc_column][\/vc_row]<\/p>\n<\/div>","protected":false},"excerpt":{"rendered":"<p>[vc_row][vc_column][vc_column_text] Jean-Pierre Hamon (1er rang \u00e0 droite) et ses \u00e9l\u00e8ves &nbsp; Les comp\u00e9titeurs de la section Nihon Tai Jistu de l&rsquo;Ecole Pl\u00e9rinaise d&rsquo;Arts Martiaux sont rentr\u00e9s heureux de leur d\u00e9placement \u00e0 la Coupe de France Nihon Tai Jistu qui s&rsquo;est tenue \u00e0 Lorient les 23 et 24 mars. Comp\u00e9tition enfants: GENTA No\u00e9: m\u00e9daille d&rsquo;or en [&hellip;]<\/p>\n","protected":false},"author":64,"featured_media":3221,"comment_status":"closed","ping_status":"closed","sticky":false,"template":"","format":"standard","meta":{"footnotes":""},"categories":[10,109],"tags":[],"class_list":["post-3219","post","type-post","status-publish","format-standard","hentry","category-competitions","category-nihon-tai-jitsu"],"_links":{"self":[{"href":"https:\/\/sites.ffkarate.fr\/cdkcotesdarmor\/wp-json\/wp\/v2\/posts\/3219","targetHints":{"allow":["GET"]}}],"collection":[{"href":"https:\/\/sites.ffkarate.fr\/cdkcotesdarmor\/wp-json\/wp\/v2\/posts"}],"about":[{"href":"https:\/\/sites.ffkarate.fr\/cdkcotesdarmor\/wp-json\/wp\/v2\/types\/post"}],"author":[{"embeddable":true,"href":"https:\/\/sites.ffkarate.fr\/cdkcotesdarmor\/wp-json\/wp\/v2\/users\/64"}],"replies":[{"embeddable":true,"href":"https:\/\/sites.ffkarate.fr\/cdkcotesdarmor\/wp-json\/wp\/v2\/comments?post=3219"}],"version-history":[{"count":5,"href":"https:\/\/sites.ffkarate.fr\/cdkcotesdarmor\/wp-json\/wp\/v2\/posts\/3219\/revisions"}],"predecessor-version":[{"id":3225,"href":"https:\/\/sites.ffkarate.fr\/cdkcotesdarmor\/wp-json\/wp\/v2\/posts\/3219\/revisions\/3225"}],"wp:featuredmedia":[{"embeddable":true,"href":"https:\/\/sites.ffkarate.fr\/cdkcotesdarmor\/wp-json\/wp\/v2\/media\/3221"}],"wp:attachment":[{"href":"https:\/\/sites.ffkarate.fr\/cdkcotesdarmor\/wp-json\/wp\/v2\/media?parent=3219"}],"wp:term":[{"taxonomy":"category","embeddable":true,"href":"https:\/\/sites.ffkarate.fr\/cdkcotesdarmor\/wp-json\/wp\/v2\/categories?post=3219"},{"taxonomy":"post_tag","embeddable":true,"href":"https:\/\/sites.ffkarate.fr\/cdkcotesdarmor\/wp-json\/wp\/v2\/tags?post=3219"}],"curies":[{"name":"wp","href":"https:\/\/api.w.org\/{rel}","templated":true}]}}