{"id":3403,"date":"2024-06-07T15:10:47","date_gmt":"2024-06-07T13:10:47","guid":{"rendered":"https:\/\/sites.ffkarate.fr\/cdkcotesdarmor\/?p=3403"},"modified":"2024-10-04T17:58:28","modified_gmt":"2024-10-04T15:58:28","slug":"bienvenue-a-association-de-viet-vo-dao","status":"publish","type":"post","link":"https:\/\/sites.ffkarate.fr\/cdkcotesdarmor\/2024\/06\/07\/bienvenue-a-association-de-viet-vo-dao\/","title":{"rendered":"Bienvenue \u00e0 ASSOCIATION DE VIET VO DAO"},"content":{"rendered":"<div class=\"wpb-content-wrapper\"><p>[vc_row][vc_column][vc_column_text]Le Comit\u00e9 D\u00e9partemental est tr\u00e8s heureux du retour au sein de la f\u00e9d\u00e9ration de l&rsquo;Association de Viet Vo Dao traditionnel qui existe sur le secteur briochin depuis de nombreuses ann\u00e9es.<\/p>\n<p>Guy HERVE\u00a0 s&rsquo;est engag\u00e9 dans la pratique puis l&rsquo;enseignement du Viet Vo Dao par passion. Cette passion il sait la transmettre \u00e0 ses pratiquants jeunes et moins jeunes.\u00a0 \u00a0Il est\u00a0 7\u00e8me Dang F\u00e9d\u00e9ral et titulaire du dipl\u00f4me d&rsquo;instructeur f\u00e9d\u00e9ral.<\/p>\n<p>Guy et son \u00e9quipe proposent deux activit\u00e9s au Gymnase de la Vall\u00e9e\u00a0 \u00e0 Saint-Brieuc :<\/p>\n<p><em><strong>Viet Vo Dao traditionnel\u00a0<\/strong>\u00a0<\/em><\/p>\n<ul>\n<li>\u00a0mercredis et jeudis de 19h30 \u00e0 21h adultes<\/li>\n<li>mercredis de 18h \u00e0 19h enfants<\/li>\n<li>samedis de 14h \u00e0 15h enfants<\/li>\n<\/ul>\n<p><strong><em>Tam The Dao<\/em><\/strong> (alliance du Tai Chi Vietnamien et du Qi Gong)<\/p>\n<ul>\n<li>\u00a0samedis de 13h \u00e0 14h00<\/li>\n<\/ul>\n<p>&nbsp;<\/p>\n<p>Bonne fin de saison sportive \u00e0 toute l&rsquo;\u00e9quipe<\/p>\n<p>&nbsp;<\/p>\n<p>Contacts :<\/p>\n<p>tel : 06 21 08 05 81<\/p>\n<p>mail : guyherve@sfr.fr<\/p>\n<p>site internet : https:\/\/ben-chi.fr<\/p>\n<p><img decoding=\"async\" class=\"alignnone size-medium wp-image-3408\" src=\"https:\/\/sites.ffkarate.fr\/cdkcotesdarmor\/wp-content\/uploads\/sites\/36\/2024\/06\/Maitre_Guy_Herve-203x300.jpg\" alt=\"\" width=\"203\" height=\"300\" srcset=\"https:\/\/sites.ffkarate.fr\/cdkcotesdarmor\/wp-content\/uploads\/sites\/36\/2024\/06\/Maitre_Guy_Herve-203x300.jpg 203w, https:\/\/sites.ffkarate.fr\/cdkcotesdarmor\/wp-content\/uploads\/sites\/36\/2024\/06\/Maitre_Guy_Herve.jpg 600w\" sizes=\"(max-width: 203px) 100vw, 203px\" \/>[\/vc_column_text][\/vc_column][\/vc_row]<\/p>\n<\/div>","protected":false},"excerpt":{"rendered":"<p>[vc_row][vc_column][vc_column_text]Le Comit\u00e9 D\u00e9partemental est tr\u00e8s heureux du retour au sein de la f\u00e9d\u00e9ration de l&rsquo;Association de Viet Vo Dao traditionnel qui existe sur le secteur briochin depuis de nombreuses ann\u00e9es. Guy HERVE\u00a0 s&rsquo;est engag\u00e9 dans la pratique puis l&rsquo;enseignement du Viet Vo Dao par passion. Cette passion il sait la transmettre \u00e0 ses pratiquants jeunes [&hellip;]<\/p>\n","protected":false},"author":64,"featured_media":3407,"comment_status":"closed","ping_status":"closed","sticky":false,"template":"","format":"standard","meta":{"footnotes":""},"categories":[7,18],"tags":[],"class_list":["post-3403","post","type-post","status-publish","format-standard","hentry","category-amv","category-vie-des-clubs"],"_links":{"self":[{"href":"https:\/\/sites.ffkarate.fr\/cdkcotesdarmor\/wp-json\/wp\/v2\/posts\/3403","targetHints":{"allow":["GET"]}}],"collection":[{"href":"https:\/\/sites.ffkarate.fr\/cdkcotesdarmor\/wp-json\/wp\/v2\/posts"}],"about":[{"href":"https:\/\/sites.ffkarate.fr\/cdkcotesdarmor\/wp-json\/wp\/v2\/types\/post"}],"author":[{"embeddable":true,"href":"https:\/\/sites.ffkarate.fr\/cdkcotesdarmor\/wp-json\/wp\/v2\/users\/64"}],"replies":[{"embeddable":true,"href":"https:\/\/sites.ffkarate.fr\/cdkcotesdarmor\/wp-json\/wp\/v2\/comments?post=3403"}],"version-history":[{"count":6,"href":"https:\/\/sites.ffkarate.fr\/cdkcotesdarmor\/wp-json\/wp\/v2\/posts\/3403\/revisions"}],"predecessor-version":[{"id":3619,"href":"https:\/\/sites.ffkarate.fr\/cdkcotesdarmor\/wp-json\/wp\/v2\/posts\/3403\/revisions\/3619"}],"wp:featuredmedia":[{"embeddable":true,"href":"https:\/\/sites.ffkarate.fr\/cdkcotesdarmor\/wp-json\/wp\/v2\/media\/3407"}],"wp:attachment":[{"href":"https:\/\/sites.ffkarate.fr\/cdkcotesdarmor\/wp-json\/wp\/v2\/media?parent=3403"}],"wp:term":[{"taxonomy":"category","embeddable":true,"href":"https:\/\/sites.ffkarate.fr\/cdkcotesdarmor\/wp-json\/wp\/v2\/categories?post=3403"},{"taxonomy":"post_tag","embeddable":true,"href":"https:\/\/sites.ffkarate.fr\/cdkcotesdarmor\/wp-json\/wp\/v2\/tags?post=3403"}],"curies":[{"name":"wp","href":"https:\/\/api.w.org\/{rel}","templated":true}]}}