{"id":3470,"date":"2024-06-30T20:45:18","date_gmt":"2024-06-30T18:45:18","guid":{"rendered":"https:\/\/sites.ffkarate.fr\/cdkcotesdarmor\/?p=3470"},"modified":"2024-07-19T14:48:00","modified_gmt":"2024-07-19T12:48:00","slug":"un-interclubs-armoriles-reussi-au-karate-club-de-larguenon-a-crehen","status":"publish","type":"post","link":"https:\/\/sites.ffkarate.fr\/cdkcotesdarmor\/2024\/06\/30\/un-interclubs-armoriles-reussi-au-karate-club-de-larguenon-a-crehen\/","title":{"rendered":"Un interclubs Armorile  r\u00e9ussi au Karat\u00e9 Club de l&rsquo;Arguenon \u00e0 Cr\u00e9hen"},"content":{"rendered":"<div class=\"wpb-content-wrapper\"><p>[vc_row][vc_column][vc_column_text]Le dimanche 16 juin\u00a0 s&rsquo;est tenu l&rsquo; \u00ab\u00a0Interclubs Enfants Armorile \u00a0\u00bb \u00e0 Cr\u00e9hen.<\/p>\n<p>Une quarantaine d&rsquo;enfants de 6 \u00e0 13 ans\u00a0 du Karat\u00e9 Club de l&rsquo;Arguenon, du Dinan Armor Karat\u00e9 et de Dinard Karat\u00e9 &#8211; les 3 clubs o\u00f9 enseigne Laurent LEFRANCOIS en tant que professeur principal &#8211; se sont retrouv\u00e9s pour une comp\u00e9tition amicale.<\/p>\n<p><img decoding=\"async\" class=\"alignnone size-medium wp-image-3476\" src=\"https:\/\/sites.ffkarate.fr\/cdkcotesdarmor\/wp-content\/uploads\/sites\/36\/2024\/06\/20240616_124433-300x135.jpg\" alt=\"\" width=\"300\" height=\"135\" srcset=\"https:\/\/sites.ffkarate.fr\/cdkcotesdarmor\/wp-content\/uploads\/sites\/36\/2024\/06\/20240616_124433-300x135.jpg 300w, https:\/\/sites.ffkarate.fr\/cdkcotesdarmor\/wp-content\/uploads\/sites\/36\/2024\/06\/20240616_124433-1024x461.jpg 1024w, https:\/\/sites.ffkarate.fr\/cdkcotesdarmor\/wp-content\/uploads\/sites\/36\/2024\/06\/20240616_124433-768x346.jpg 768w, https:\/\/sites.ffkarate.fr\/cdkcotesdarmor\/wp-content\/uploads\/sites\/36\/2024\/06\/20240616_124433-1536x691.jpg 1536w, https:\/\/sites.ffkarate.fr\/cdkcotesdarmor\/wp-content\/uploads\/sites\/36\/2024\/06\/20240616_124433-2048x922.jpg 2048w\" sizes=\"(max-width: 300px) 100vw, 300px\" \/><\/p>\n<p>C&rsquo;\u00e9tait amical mais s\u00e9rieux avec des arbitres coach\u00e9s par Erwan LUCAS le responsable d\u00e9partemental arbitrage.<\/p>\n<p><img decoding=\"async\" class=\"alignnone size-medium wp-image-3474\" src=\"https:\/\/sites.ffkarate.fr\/cdkcotesdarmor\/wp-content\/uploads\/sites\/36\/2024\/06\/20240616_092349-300x135.jpg\" alt=\"\" width=\"300\" height=\"135\" srcset=\"https:\/\/sites.ffkarate.fr\/cdkcotesdarmor\/wp-content\/uploads\/sites\/36\/2024\/06\/20240616_092349-300x135.jpg 300w, https:\/\/sites.ffkarate.fr\/cdkcotesdarmor\/wp-content\/uploads\/sites\/36\/2024\/06\/20240616_092349-1024x461.jpg 1024w, https:\/\/sites.ffkarate.fr\/cdkcotesdarmor\/wp-content\/uploads\/sites\/36\/2024\/06\/20240616_092349-768x346.jpg 768w, https:\/\/sites.ffkarate.fr\/cdkcotesdarmor\/wp-content\/uploads\/sites\/36\/2024\/06\/20240616_092349-1536x691.jpg 1536w, https:\/\/sites.ffkarate.fr\/cdkcotesdarmor\/wp-content\/uploads\/sites\/36\/2024\/06\/20240616_092349-2048x922.jpg 2048w\" sizes=\"(max-width: 300px) 100vw, 300px\" \/><\/p>\n<p>Et dans le\u00a0 respect des r\u00e8gles du dojo<\/p>\n<p>&nbsp;<\/p>\n<p><img decoding=\"async\" class=\"alignnone size-medium wp-image-3473\" src=\"https:\/\/sites.ffkarate.fr\/cdkcotesdarmor\/wp-content\/uploads\/sites\/36\/2024\/06\/20240616_092342-300x135.jpg\" alt=\"\" width=\"300\" height=\"135\" srcset=\"https:\/\/sites.ffkarate.fr\/cdkcotesdarmor\/wp-content\/uploads\/sites\/36\/2024\/06\/20240616_092342-300x135.jpg 300w, https:\/\/sites.ffkarate.fr\/cdkcotesdarmor\/wp-content\/uploads\/sites\/36\/2024\/06\/20240616_092342-1024x461.jpg 1024w, https:\/\/sites.ffkarate.fr\/cdkcotesdarmor\/wp-content\/uploads\/sites\/36\/2024\/06\/20240616_092342-768x346.jpg 768w, https:\/\/sites.ffkarate.fr\/cdkcotesdarmor\/wp-content\/uploads\/sites\/36\/2024\/06\/20240616_092342-1536x691.jpg 1536w, https:\/\/sites.ffkarate.fr\/cdkcotesdarmor\/wp-content\/uploads\/sites\/36\/2024\/06\/20240616_092342-2048x922.jpg 2048w\" sizes=\"(max-width: 300px) 100vw, 300px\" \/><\/p>\n<p>Pour le plus grand plaisir des enfants et de leurs parents les m\u00e9dailles n&rsquo;ont pas \u00e9t\u00e9 oubli\u00e9es.<\/p>\n<p><img decoding=\"async\" class=\"alignnone size-medium wp-image-3472\" src=\"https:\/\/sites.ffkarate.fr\/cdkcotesdarmor\/wp-content\/uploads\/sites\/36\/2024\/06\/20240616_081648-300x135.jpg\" alt=\"\" width=\"300\" height=\"135\" srcset=\"https:\/\/sites.ffkarate.fr\/cdkcotesdarmor\/wp-content\/uploads\/sites\/36\/2024\/06\/20240616_081648-300x135.jpg 300w, https:\/\/sites.ffkarate.fr\/cdkcotesdarmor\/wp-content\/uploads\/sites\/36\/2024\/06\/20240616_081648-1024x461.jpg 1024w, https:\/\/sites.ffkarate.fr\/cdkcotesdarmor\/wp-content\/uploads\/sites\/36\/2024\/06\/20240616_081648-768x346.jpg 768w, https:\/\/sites.ffkarate.fr\/cdkcotesdarmor\/wp-content\/uploads\/sites\/36\/2024\/06\/20240616_081648-1536x691.jpg 1536w, https:\/\/sites.ffkarate.fr\/cdkcotesdarmor\/wp-content\/uploads\/sites\/36\/2024\/06\/20240616_081648-2048x922.jpg 2048w\" sizes=\"(max-width: 300px) 100vw, 300px\" \/><\/p>\n<p>Toutes nos f\u00e9liciations \u00e0 la Team des b\u00e9n\u00e9voles\u00a0 Armorile pour cette manifestation.[\/vc_column_text][\/vc_column][\/vc_row]<\/p>\n<\/div>","protected":false},"excerpt":{"rendered":"<p>[vc_row][vc_column][vc_column_text]Le dimanche 16 juin\u00a0 s&rsquo;est tenu l&rsquo; \u00ab\u00a0Interclubs Enfants Armorile \u00a0\u00bb \u00e0 Cr\u00e9hen. Une quarantaine d&rsquo;enfants de 6 \u00e0 13 ans\u00a0 du Karat\u00e9 Club de l&rsquo;Arguenon, du Dinan Armor Karat\u00e9 et de Dinard Karat\u00e9 &#8211; les 3 clubs o\u00f9 enseigne Laurent LEFRANCOIS en tant que professeur principal &#8211; se sont retrouv\u00e9s pour une comp\u00e9tition amicale. [&hellip;]<\/p>\n","protected":false},"author":64,"featured_media":3475,"comment_status":"closed","ping_status":"closed","sticky":false,"template":"","format":"standard","meta":{"footnotes":""},"categories":[18],"tags":[],"class_list":["post-3470","post","type-post","status-publish","format-standard","hentry","category-vie-des-clubs"],"_links":{"self":[{"href":"https:\/\/sites.ffkarate.fr\/cdkcotesdarmor\/wp-json\/wp\/v2\/posts\/3470","targetHints":{"allow":["GET"]}}],"collection":[{"href":"https:\/\/sites.ffkarate.fr\/cdkcotesdarmor\/wp-json\/wp\/v2\/posts"}],"about":[{"href":"https:\/\/sites.ffkarate.fr\/cdkcotesdarmor\/wp-json\/wp\/v2\/types\/post"}],"author":[{"embeddable":true,"href":"https:\/\/sites.ffkarate.fr\/cdkcotesdarmor\/wp-json\/wp\/v2\/users\/64"}],"replies":[{"embeddable":true,"href":"https:\/\/sites.ffkarate.fr\/cdkcotesdarmor\/wp-json\/wp\/v2\/comments?post=3470"}],"version-history":[{"count":6,"href":"https:\/\/sites.ffkarate.fr\/cdkcotesdarmor\/wp-json\/wp\/v2\/posts\/3470\/revisions"}],"predecessor-version":[{"id":3507,"href":"https:\/\/sites.ffkarate.fr\/cdkcotesdarmor\/wp-json\/wp\/v2\/posts\/3470\/revisions\/3507"}],"wp:featuredmedia":[{"embeddable":true,"href":"https:\/\/sites.ffkarate.fr\/cdkcotesdarmor\/wp-json\/wp\/v2\/media\/3475"}],"wp:attachment":[{"href":"https:\/\/sites.ffkarate.fr\/cdkcotesdarmor\/wp-json\/wp\/v2\/media?parent=3470"}],"wp:term":[{"taxonomy":"category","embeddable":true,"href":"https:\/\/sites.ffkarate.fr\/cdkcotesdarmor\/wp-json\/wp\/v2\/categories?post=3470"},{"taxonomy":"post_tag","embeddable":true,"href":"https:\/\/sites.ffkarate.fr\/cdkcotesdarmor\/wp-json\/wp\/v2\/tags?post=3470"}],"curies":[{"name":"wp","href":"https:\/\/api.w.org\/{rel}","templated":true}]}}