{"id":3629,"date":"2024-11-02T18:49:38","date_gmt":"2024-11-02T17:49:38","guid":{"rendered":"https:\/\/sites.ffkarate.fr\/cdkcotesdarmor\/?p=3629"},"modified":"2024-11-02T18:49:38","modified_gmt":"2024-11-02T17:49:38","slug":"un-podium-en-coupe-de-france-zone-nord-karate-light-et-full-contact-pour-le-f-k-c-l","status":"publish","type":"post","link":"https:\/\/sites.ffkarate.fr\/cdkcotesdarmor\/2024\/11\/02\/un-podium-en-coupe-de-france-zone-nord-karate-light-et-full-contact-pour-le-f-k-c-l\/","title":{"rendered":"Un podium en Coupe de France Zone Nord  Karat\u00e9 Light et Full Contact pour le F.K.C.L"},"content":{"rendered":"<div class=\"wpb-content-wrapper\"><p>[vc_row][vc_column][vc_column_text]<\/p>\n<p>Le Full Karat\u00e9 Club du Leff \u00e0 Plouagat\u00a0 est toujours au rendez-vous des comp\u00e9tions nationales en Karat\u00e9 Light ou Full Contact.<\/p>\n<p>J\u00e9r\u00e9my LEMAITRE a remport\u00e9 la 2\u00e8me place du podium des moins de 56 kg\u00a0 le 27 octobre \u00e0 Valenciennes lors de la Coupe de France Zone Nord de Karat\u00e9 Contact.<\/p>\n<p><img decoding=\"async\" class=\"alignnone size-medium wp-image-3626\" src=\"https:\/\/sites.ffkarate.fr\/cdkcotesdarmor\/wp-content\/uploads\/sites\/36\/2024\/11\/Coupe-de-France-zone-Nord-Karate-contact-FKCL-2-300x200.jpg\" alt=\"\" width=\"300\" height=\"200\" srcset=\"https:\/\/sites.ffkarate.fr\/cdkcotesdarmor\/wp-content\/uploads\/sites\/36\/2024\/11\/Coupe-de-France-zone-Nord-Karate-contact-FKCL-2-300x200.jpg 300w, https:\/\/sites.ffkarate.fr\/cdkcotesdarmor\/wp-content\/uploads\/sites\/36\/2024\/11\/Coupe-de-France-zone-Nord-Karate-contact-FKCL-2-1024x682.jpg 1024w, https:\/\/sites.ffkarate.fr\/cdkcotesdarmor\/wp-content\/uploads\/sites\/36\/2024\/11\/Coupe-de-France-zone-Nord-Karate-contact-FKCL-2-768x511.jpg 768w, https:\/\/sites.ffkarate.fr\/cdkcotesdarmor\/wp-content\/uploads\/sites\/36\/2024\/11\/Coupe-de-France-zone-Nord-Karate-contact-FKCL-2-1536x1022.jpg 1536w, https:\/\/sites.ffkarate.fr\/cdkcotesdarmor\/wp-content\/uploads\/sites\/36\/2024\/11\/Coupe-de-France-zone-Nord-Karate-contact-FKCL-2.jpg 2048w\" sizes=\"(max-width: 300px) 100vw, 300px\" \/> <img decoding=\"async\" class=\"alignnone size-medium wp-image-3627\" src=\"https:\/\/sites.ffkarate.fr\/cdkcotesdarmor\/wp-content\/uploads\/sites\/36\/2024\/11\/coupe-de-France-Zone-Nord-Karate-Contact-FKCL-4-300x200.jpg\" alt=\"\" width=\"300\" height=\"200\" srcset=\"https:\/\/sites.ffkarate.fr\/cdkcotesdarmor\/wp-content\/uploads\/sites\/36\/2024\/11\/coupe-de-France-Zone-Nord-Karate-Contact-FKCL-4-300x200.jpg 300w, https:\/\/sites.ffkarate.fr\/cdkcotesdarmor\/wp-content\/uploads\/sites\/36\/2024\/11\/coupe-de-France-Zone-Nord-Karate-Contact-FKCL-4-1024x682.jpg 1024w, https:\/\/sites.ffkarate.fr\/cdkcotesdarmor\/wp-content\/uploads\/sites\/36\/2024\/11\/coupe-de-France-Zone-Nord-Karate-Contact-FKCL-4-768x511.jpg 768w, https:\/\/sites.ffkarate.fr\/cdkcotesdarmor\/wp-content\/uploads\/sites\/36\/2024\/11\/coupe-de-France-Zone-Nord-Karate-Contact-FKCL-4-1536x1022.jpg 1536w, https:\/\/sites.ffkarate.fr\/cdkcotesdarmor\/wp-content\/uploads\/sites\/36\/2024\/11\/coupe-de-France-Zone-Nord-Karate-Contact-FKCL-4.jpg 2048w\" sizes=\"(max-width: 300px) 100vw, 300px\" \/><\/p>\n<p>Bravo \u00e0 J\u00e9r\u00e9my et\u00a0 \u00e0 son coach\u00a0 L\u00e9ny RABET<\/p>\n<p><img decoding=\"async\" class=\"alignnone size-medium wp-image-3628\" src=\"https:\/\/sites.ffkarate.fr\/cdkcotesdarmor\/wp-content\/uploads\/sites\/36\/2024\/11\/coupe-de-France-Zone-Nord-Karate-Contact-FKCL-3-Leny-R-300x200.jpg\" alt=\"\" width=\"300\" height=\"200\" srcset=\"https:\/\/sites.ffkarate.fr\/cdkcotesdarmor\/wp-content\/uploads\/sites\/36\/2024\/11\/coupe-de-France-Zone-Nord-Karate-Contact-FKCL-3-Leny-R-300x200.jpg 300w, https:\/\/sites.ffkarate.fr\/cdkcotesdarmor\/wp-content\/uploads\/sites\/36\/2024\/11\/coupe-de-France-Zone-Nord-Karate-Contact-FKCL-3-Leny-R-1024x682.jpg 1024w, https:\/\/sites.ffkarate.fr\/cdkcotesdarmor\/wp-content\/uploads\/sites\/36\/2024\/11\/coupe-de-France-Zone-Nord-Karate-Contact-FKCL-3-Leny-R-768x511.jpg 768w, https:\/\/sites.ffkarate.fr\/cdkcotesdarmor\/wp-content\/uploads\/sites\/36\/2024\/11\/coupe-de-France-Zone-Nord-Karate-Contact-FKCL-3-Leny-R-1536x1022.jpg 1536w, https:\/\/sites.ffkarate.fr\/cdkcotesdarmor\/wp-content\/uploads\/sites\/36\/2024\/11\/coupe-de-France-Zone-Nord-Karate-Contact-FKCL-3-Leny-R.jpg 2048w\" sizes=\"(max-width: 300px) 100vw, 300px\" \/>[\/vc_column_text][\/vc_column][\/vc_row]<\/p>\n<\/div>","protected":false},"excerpt":{"rendered":"<p>[vc_row][vc_column][vc_column_text] Le Full Karat\u00e9 Club du Leff \u00e0 Plouagat\u00a0 est toujours au rendez-vous des comp\u00e9tions nationales en Karat\u00e9 Light ou Full Contact. J\u00e9r\u00e9my LEMAITRE a remport\u00e9 la 2\u00e8me place du podium des moins de 56 kg\u00a0 le 27 octobre \u00e0 Valenciennes lors de la Coupe de France Zone Nord de Karat\u00e9 Contact. Bravo \u00e0 J\u00e9r\u00e9my [&hellip;]<\/p>\n","protected":false},"author":64,"featured_media":3625,"comment_status":"closed","ping_status":"closed","sticky":false,"template":"","format":"standard","meta":{"footnotes":""},"categories":[10],"tags":[],"class_list":["post-3629","post","type-post","status-publish","format-standard","hentry","category-competitions"],"_links":{"self":[{"href":"https:\/\/sites.ffkarate.fr\/cdkcotesdarmor\/wp-json\/wp\/v2\/posts\/3629","targetHints":{"allow":["GET"]}}],"collection":[{"href":"https:\/\/sites.ffkarate.fr\/cdkcotesdarmor\/wp-json\/wp\/v2\/posts"}],"about":[{"href":"https:\/\/sites.ffkarate.fr\/cdkcotesdarmor\/wp-json\/wp\/v2\/types\/post"}],"author":[{"embeddable":true,"href":"https:\/\/sites.ffkarate.fr\/cdkcotesdarmor\/wp-json\/wp\/v2\/users\/64"}],"replies":[{"embeddable":true,"href":"https:\/\/sites.ffkarate.fr\/cdkcotesdarmor\/wp-json\/wp\/v2\/comments?post=3629"}],"version-history":[{"count":2,"href":"https:\/\/sites.ffkarate.fr\/cdkcotesdarmor\/wp-json\/wp\/v2\/posts\/3629\/revisions"}],"predecessor-version":[{"id":3631,"href":"https:\/\/sites.ffkarate.fr\/cdkcotesdarmor\/wp-json\/wp\/v2\/posts\/3629\/revisions\/3631"}],"wp:featuredmedia":[{"embeddable":true,"href":"https:\/\/sites.ffkarate.fr\/cdkcotesdarmor\/wp-json\/wp\/v2\/media\/3625"}],"wp:attachment":[{"href":"https:\/\/sites.ffkarate.fr\/cdkcotesdarmor\/wp-json\/wp\/v2\/media?parent=3629"}],"wp:term":[{"taxonomy":"category","embeddable":true,"href":"https:\/\/sites.ffkarate.fr\/cdkcotesdarmor\/wp-json\/wp\/v2\/categories?post=3629"},{"taxonomy":"post_tag","embeddable":true,"href":"https:\/\/sites.ffkarate.fr\/cdkcotesdarmor\/wp-json\/wp\/v2\/tags?post=3629"}],"curies":[{"name":"wp","href":"https:\/\/api.w.org\/{rel}","templated":true}]}}