{"id":3683,"date":"2024-12-13T12:27:12","date_gmt":"2024-12-13T11:27:12","guid":{"rendered":"https:\/\/sites.ffkarate.fr\/cdkcotesdarmor\/?p=3683"},"modified":"2024-12-13T12:27:12","modified_gmt":"2024-12-13T11:27:12","slug":"un-karateka-medaille-de-bronze-de-la-jeunesse-et-des-sports-et-de-la-vie-associative","status":"publish","type":"post","link":"https:\/\/sites.ffkarate.fr\/cdkcotesdarmor\/2024\/12\/13\/un-karateka-medaille-de-bronze-de-la-jeunesse-et-des-sports-et-de-la-vie-associative\/","title":{"rendered":"Un karateka m\u00e9daille de bronze de la jeunesse et des sports et de la vie associative"},"content":{"rendered":"<div class=\"wpb-content-wrapper\"><p>[vc_row][vc_column][vc_column_text]Monsieur Eric Riou du Pl\u00e9n\u00e9e Karat\u00e9 Do a re\u00e7u la m\u00e9daille de bronze de la jeunesse et des sports. Elle r\u00e9compense son b\u00e9n\u00e9volat au sein de l&rsquo;association de karat\u00e9 depuis sa cr\u00e9ation en 2009 en tant que cofondateur, professeur dipl\u00f4m\u00e9 ainsi que membre ex\u00e9cutif du bureau depuis sa cr\u00e9ation ainsi que son 5e Dan.<\/p>\n<p>FELICITATIONS\u00a0 A LUI ![\/vc_column_text][\/vc_column][\/vc_row]<\/p>\n<\/div>","protected":false},"excerpt":{"rendered":"<p>[vc_row][vc_column][vc_column_text]Monsieur Eric Riou du Pl\u00e9n\u00e9e Karat\u00e9 Do a re\u00e7u la m\u00e9daille de bronze de la jeunesse et des sports. Elle r\u00e9compense son b\u00e9n\u00e9volat au sein de l&rsquo;association de karat\u00e9 depuis sa cr\u00e9ation en 2009 en tant que cofondateur, professeur dipl\u00f4m\u00e9 ainsi que membre ex\u00e9cutif du bureau depuis sa cr\u00e9ation ainsi que son 5e Dan. FELICITATIONS\u00a0 [&hellip;]<\/p>\n","protected":false},"author":240,"featured_media":3684,"comment_status":"closed","ping_status":"closed","sticky":false,"template":"","format":"standard","meta":{"footnotes":""},"categories":[1],"tags":[],"class_list":["post-3683","post","type-post","status-publish","format-standard","hentry","category-non-classe"],"_links":{"self":[{"href":"https:\/\/sites.ffkarate.fr\/cdkcotesdarmor\/wp-json\/wp\/v2\/posts\/3683","targetHints":{"allow":["GET"]}}],"collection":[{"href":"https:\/\/sites.ffkarate.fr\/cdkcotesdarmor\/wp-json\/wp\/v2\/posts"}],"about":[{"href":"https:\/\/sites.ffkarate.fr\/cdkcotesdarmor\/wp-json\/wp\/v2\/types\/post"}],"author":[{"embeddable":true,"href":"https:\/\/sites.ffkarate.fr\/cdkcotesdarmor\/wp-json\/wp\/v2\/users\/240"}],"replies":[{"embeddable":true,"href":"https:\/\/sites.ffkarate.fr\/cdkcotesdarmor\/wp-json\/wp\/v2\/comments?post=3683"}],"version-history":[{"count":3,"href":"https:\/\/sites.ffkarate.fr\/cdkcotesdarmor\/wp-json\/wp\/v2\/posts\/3683\/revisions"}],"predecessor-version":[{"id":3687,"href":"https:\/\/sites.ffkarate.fr\/cdkcotesdarmor\/wp-json\/wp\/v2\/posts\/3683\/revisions\/3687"}],"wp:featuredmedia":[{"embeddable":true,"href":"https:\/\/sites.ffkarate.fr\/cdkcotesdarmor\/wp-json\/wp\/v2\/media\/3684"}],"wp:attachment":[{"href":"https:\/\/sites.ffkarate.fr\/cdkcotesdarmor\/wp-json\/wp\/v2\/media?parent=3683"}],"wp:term":[{"taxonomy":"category","embeddable":true,"href":"https:\/\/sites.ffkarate.fr\/cdkcotesdarmor\/wp-json\/wp\/v2\/categories?post=3683"},{"taxonomy":"post_tag","embeddable":true,"href":"https:\/\/sites.ffkarate.fr\/cdkcotesdarmor\/wp-json\/wp\/v2\/tags?post=3683"}],"curies":[{"name":"wp","href":"https:\/\/api.w.org\/{rel}","templated":true}]}}